{"id":1305,"date":"2017-01-30T13:47:46","date_gmt":"2017-01-30T13:47:46","guid":{"rendered":"http:\/\/www.obispadorqta.org.ar\/v3\/xxii-acampada-espiritual-diocesana-de-jovenes\/"},"modified":"2017-01-30T13:47:46","modified_gmt":"2017-01-30T13:47:46","slug":"xxii-acampada-espiritual-diocesana-de-jovenes","status":"publish","type":"post","link":"https:\/\/www.obispadorqta.org.ar\/v3\/xxii-acampada-espiritual-diocesana-de-jovenes\/","title":{"rendered":"XXII ACAMPADA ESPIRITUAL DIOCESANA DE J\u00d3VENES"},"content":{"rendered":"<div style=\"font-family: Georgia,Times New Roman,Times,serif; font-size: 16px; font-style: normal; text-align: center\"><font color=\"#000000\"><em><strong><span style=\"font-family: Times New Roman,Times,serif; font-size: 16px; font-style: normal; line-height: normal\">\u00abNo te dejar\u00e9 ni te abandonar\u00e9\u00bb (Heb. 13, 5) <\/span><\/strong><\/em><\/font><\/div>\n<div style=\"text-align: center\"><img loading=\"lazy\" decoding=\"async\" src=\"http:\/\/www.acampadamalabrigo.com.ar\/images\/banner.jpg\" border=\"0\" width=\"431\" height=\"274\" \/><\/div>\n<p><font color=\"#000000\">Cada a\u00f1o, alrededor de mil j\u00f3venes de todo el pa\u00eds que se animan a recibir el amor de Dios, ese amor que viene a transformarnos el coraz\u00f3n.<\/font><\/p>\n<p><font color=\"#000000\">La propuesta es la misma cada a\u00f1o: <em>\u00abAn\u00edmate joven! Dios quiere habitar en tu coraz\u00f3n, d\u00e9jalo entrar!\u00bb<\/em><\/font><\/p>\n<p align=\"center\"><font color=\"#000000\"><strong>\u00a1Te esperamos! 3, 4 y 5 de febrero de 2017<\/strong><\/font><\/p>\n<p>&nbsp;<\/p>\n<p><u><strong>DATOS A TENER EN CUENTA PARA PARTICIPAR DEL ENCUENTRO<\/strong><\/u><\/p>\n<p align=\"justify\"><u>EDAD<\/u>: Pueden participar j\u00f3venes desde los 13 a\u00f1os de edad.<\/p>\n<p align=\"justify\"><u>MONTO DE LA INSCRIPCI\u00d3N:<\/u> $ 200 (doscientos pesos) que incluyen:<br \/>. cena del viernes;<br \/>. desayuno, almuerzo y cena del s\u00e1bado;<br \/>. desayuno y almuerzo del domingo;<br \/>. y la participaci\u00f3n del encuentro.<\/p>\n<p align=\"justify\"><u>LUGAR<\/u>: Parroquia Nuestra Se\u00f1ora del Huerto. Belgrano N\u00ba 1447 &#8211; Malabrigo (Santa Fe).<\/p>\n<p><u>ELEMENTOS NECESARIOS<\/u>: Vaso, art\u00edculos para acampar (carpa, colchoneta, elementos personales, etc.), lona o manta para sentarse en los momentos de ense\u00f1anzas, bolsas pl\u00e1sticas para proteger las pertenencias personales en caso de lluvia.<\/p>\n<p align=\"justify\"><u>CONSULTAS:<\/u> En esta p\u00e1gina web (hacer una consulta), nuestro Facebook: Acampada Espiritual Diocesana de J\u00f3venes de Malabrigo. Tambi\u00e9n podes hacerlas al tel\u00e9fono fijo: (03482) 454 681 y tel\u00e9fono celular: (03482) 15-576625.<\/p>\n<p align=\"justify\"><u>INSCRIPCIONES<\/u>: \u00danicamente podr\u00e1n ser realizadas en este sitio web, donde podr\u00e1s inscribir a toda tu delegaci\u00f3n con sus datos personales (esto har\u00e1 m\u00e1s eficiente y r\u00e1pido el proceso de acreditaci\u00f3n al llegar).<\/p>\n<p align=\"justify\">Esperamos tu inscripci\u00f3n hasta el jueves 2 de febrero<\/p>\n","protected":false},"excerpt":{"rendered":"<div class=\"mh-excerpt\"><div style=\"font-family: Georgia,Times New Roman,Times,serif; font-size: 16px; font-style: normal; text-align: center\"><font color=\"#000000\"><em><strong><span style=\"font-family: Times New Roman,Times,serif; font-size: 16px; font-style: normal; line-height: normal\">\u00abNo te dejar\u00e9 ni te abandonar\u00e9\u00bb (Heb. 13, 5) <\/span><\/strong><\/em><\/font><\/div>\n<div style=\"text-align: center\"><img loading=\"lazy\" decoding=\"async\" src=\"http:\/\/www.acampadamalabrigo.com.ar\/images\/banner.jpg\" border=\"0\" width=\"431\" height=\"274\" \/><\/div>\n<p><font color=\"#000000\">Cada a\u00f1o, alrededor de mil j\u00f3venes de todo el pa\u00eds que se animan a recibir el amor de Dios, ese amor que viene a transformarnos el coraz\u00f3n.<\/font><\/p>\n<p><font color=\"#000000\">La propuesta es la misma cada a\u00f1o: <em>\u00abAn\u00edmate joven! Dios quiere habitar en tu coraz\u00f3n, d\u00e9jalo entrar!\u00bb<\/em><\/font><\/p>\n<p align=\"center\"><font color=\"#000000\"><strong>\u00a1Te esperamos! 3, 4 y 5 de febrero de 2017<\/strong><\/font><\/p>\n<\/div>","protected":false},"author":1,"featured_media":0,"comment_status":"open","ping_status":"open","sticky":false,"template":"","format":"standard","meta":{"footnotes":""},"categories":[28],"tags":[],"class_list":["post-1305","post","type-post","status-publish","format-standard","hentry","category-latest-news"],"_links":{"self":[{"href":"https:\/\/www.obispadorqta.org.ar\/v3\/wp-json\/wp\/v2\/posts\/1305","targetHints":{"allow":["GET"]}}],"collection":[{"href":"https:\/\/www.obispadorqta.org.ar\/v3\/wp-json\/wp\/v2\/posts"}],"about":[{"href":"https:\/\/www.obispadorqta.org.ar\/v3\/wp-json\/wp\/v2\/types\/post"}],"author":[{"embeddable":true,"href":"https:\/\/www.obispadorqta.org.ar\/v3\/wp-json\/wp\/v2\/users\/1"}],"replies":[{"embeddable":true,"href":"https:\/\/www.obispadorqta.org.ar\/v3\/wp-json\/wp\/v2\/comments?post=1305"}],"version-history":[{"count":0,"href":"https:\/\/www.obispadorqta.org.ar\/v3\/wp-json\/wp\/v2\/posts\/1305\/revisions"}],"wp:attachment":[{"href":"https:\/\/www.obispadorqta.org.ar\/v3\/wp-json\/wp\/v2\/media?parent=1305"}],"wp:term":[{"taxonomy":"category","embeddable":true,"href":"https:\/\/www.obispadorqta.org.ar\/v3\/wp-json\/wp\/v2\/categories?post=1305"},{"taxonomy":"post_tag","embeddable":true,"href":"https:\/\/www.obispadorqta.org.ar\/v3\/wp-json\/wp\/v2\/tags?post=1305"}],"curies":[{"name":"wp","href":"https:\/\/api.w.org\/{rel}","templated":true}]}}