{"id":1306,"date":"2017-01-30T13:58:00","date_gmt":"2017-01-30T13:58:00","guid":{"rendered":"http:\/\/www.obispadorqta.org.ar\/v3\/jovenesrurales\/"},"modified":"2017-01-30T13:58:00","modified_gmt":"2017-01-30T13:58:00","slug":"jovenesrurales","status":"publish","type":"post","link":"https:\/\/www.obispadorqta.org.ar\/v3\/jovenesrurales\/","title":{"rendered":"Curso de Formaci\u00f3n de J\u00f3venes Rurales Primer Nivel"},"content":{"rendered":"<p style=\"text-align: center\"><img loading=\"lazy\" decoding=\"async\" src=\"http:\/\/2.bp.blogspot.com\/_Dl5zl2Tn-es\/TTgjm2LkzOI\/AAAAAAAABK0\/_sPdrpxa_aU\/s1600\/Nueva%2BJ%25C3%25B3venes%2BRurales.jpg\" border=\"0\" width=\"400\" height=\"279\" \/>\u00a0<\/p>\n<p>\u00a0<span style=\"font-size: 12.16px; line-height: 1.3em\">En la tarde de este lunes 30 de enero comienza el Curso de Formaci\u00f3n de J\u00f3venes Rurales, el mismo es un espacio de formaci\u00f3n humana y cristiana para j\u00f3venes rurales.<\/span><\/p>\n<p>El mismo se lleva a cabo en la casa de retiros \u00abEl Jacarand\u00e1\u00bb y concluye el d\u00eda 02 de febrero a las 09:30 hs. con la celebraci\u00f3n de la Santa Misa celebrada por el Asesor de la Pastoral Rural, Pbro. Tom\u00e1s Spanghero.<\/p>\n<p><span style=\"font-size: 12.16px; line-height: 1.3em\">Invitamos a unirse en la oraci\u00f3n por los frutos de este curso y por nuestros j\u00f3venes.\u00a0<\/span><\/p>\n","protected":false},"excerpt":{"rendered":"<div class=\"mh-excerpt\"><p>\u00a0 \u00a0En la tarde de este lunes 30 de enero comienza el Curso de Formaci\u00f3n de J\u00f3venes Rurales, el mismo es un espacio de formaci\u00f3n <a class=\"mh-excerpt-more\" href=\"https:\/\/www.obispadorqta.org.ar\/v3\/jovenesrurales\/\" title=\"Curso de Formaci\u00f3n de J\u00f3venes Rurales Primer Nivel\">[&#8230;]<\/a><\/p>\n<\/div>","protected":false},"author":1,"featured_media":0,"comment_status":"open","ping_status":"open","sticky":false,"template":"","format":"standard","meta":{"footnotes":""},"categories":[28],"tags":[],"class_list":["post-1306","post","type-post","status-publish","format-standard","hentry","category-latest-news"],"_links":{"self":[{"href":"https:\/\/www.obispadorqta.org.ar\/v3\/wp-json\/wp\/v2\/posts\/1306","targetHints":{"allow":["GET"]}}],"collection":[{"href":"https:\/\/www.obispadorqta.org.ar\/v3\/wp-json\/wp\/v2\/posts"}],"about":[{"href":"https:\/\/www.obispadorqta.org.ar\/v3\/wp-json\/wp\/v2\/types\/post"}],"author":[{"embeddable":true,"href":"https:\/\/www.obispadorqta.org.ar\/v3\/wp-json\/wp\/v2\/users\/1"}],"replies":[{"embeddable":true,"href":"https:\/\/www.obispadorqta.org.ar\/v3\/wp-json\/wp\/v2\/comments?post=1306"}],"version-history":[{"count":0,"href":"https:\/\/www.obispadorqta.org.ar\/v3\/wp-json\/wp\/v2\/posts\/1306\/revisions"}],"wp:attachment":[{"href":"https:\/\/www.obispadorqta.org.ar\/v3\/wp-json\/wp\/v2\/media?parent=1306"}],"wp:term":[{"taxonomy":"category","embeddable":true,"href":"https:\/\/www.obispadorqta.org.ar\/v3\/wp-json\/wp\/v2\/categories?post=1306"},{"taxonomy":"post_tag","embeddable":true,"href":"https:\/\/www.obispadorqta.org.ar\/v3\/wp-json\/wp\/v2\/tags?post=1306"}],"curies":[{"name":"wp","href":"https:\/\/api.w.org\/{rel}","templated":true}]}}