{"id":1307,"date":"2017-02-10T11:54:28","date_gmt":"2017-02-10T11:54:28","guid":{"rendered":"http:\/\/www.obispadorqta.org.ar\/v3\/aniversariodiocesis\/"},"modified":"2017-02-10T11:54:28","modified_gmt":"2017-02-10T11:54:28","slug":"aniversariodiocesis","status":"publish","type":"post","link":"https:\/\/www.obispadorqta.org.ar\/v3\/aniversariodiocesis\/","title":{"rendered":"60\u00ba Aniversario de la creaci\u00f3n de la Di\u00f3cesis de Reconquista"},"content":{"rendered":"<div style=\"text-align: justify\">Con motivo de la celebraci\u00f3n del 60\u00ba aniversario de la Creaci\u00f3n de la Di\u00f3cesis de Reconquista, nuestro Obispo diocesano, Mons. Dr. \u00c1ngel Jos\u00e9 Mac\u00edn presenta una nueva Carta Pastoral, la misma fue escrita para la celebraci\u00f3n de la creaci\u00f3n de la Di\u00f3cesis, para la reflexi\u00f3n y oraci\u00f3n en nuestras comunidades en este tiempo de preparaci\u00f3n a la Pascua, pero fundamentalmente para orientaci\u00f3n pastoral de todo este a\u00f1o 2017.<\/div>\n<div style=\"text-align: justify\">\u00a0<\/div>\n<div style=\"text-align: center\"><img loading=\"lazy\" decoding=\"async\" src=\"https:\/\/scontent-eze1-1.xx.fbcdn.net\/v\/t1.0-9\/16508580_1234854213277734_5329441285835072713_n.jpg?oh=1ccab9b9183a3cb9b81d7edf34680ca6&#038;oe=59455470\" border=\"0\" width=\"138\" height=\"200\" \/>\u00a0<\/div>\n<div style=\"text-align: justify\">\u00a0<\/div>\n<div style=\"text-align: justify\">Recordamos que la Di\u00f3cesis de Reconquista fue creada el 11 de febrero\u00a0de 1957 con la Bula Apost\u00f3lica \u201cQuandoquidem Adoranda\u201d por el Papa P\u00edo XII.<\/div>\n<div style=\"text-align: justify\">\u00a0<\/div>\n<div style=\"text-align: justify\">Invitamos a toda la comunidad Diocesana a acercarse a sus parroquias y\/o capillas para agradecer estos 60 a\u00f1os de breve pero importante historia de nuestra Iglesia particular y para pedir por los frutos del trabajo de todos nuestros Sacerdotes, Religiosos, Consagrados, Agentes Pastorales y laicos que d\u00eda a d\u00eda hacen su aporte a toda la comunidad.<\/div>\n<div style=\"text-align: justify\">\u00a0<\/div>\n<div style=\"text-align: justify\">Para acceder a la Carta Pastoral haz CLICK\u00a0<a href=\"https:\/\/www.dropbox.com\/s\/f27hjffu1cerrfs\/110217%20Mons.%20Mac%C3%ADn%20carta%20pastoral%2060%C2%B0Aniversario%20creacion%20diocesis%20de%20Reconquista.docx?dl=0\">AQU\u00cd\u00a0<\/a><\/div>\n","protected":false},"excerpt":{"rendered":"<div class=\"mh-excerpt\"><p>Con motivo de la celebraci\u00f3n del 60\u00ba aniversario de la Creaci\u00f3n de la Di\u00f3cesis de Reconquista, nuestro Obispo diocesano, Mons. Dr. \u00c1ngel Jos\u00e9 Mac\u00edn presenta <a class=\"mh-excerpt-more\" href=\"https:\/\/www.obispadorqta.org.ar\/v3\/aniversariodiocesis\/\" title=\"60\u00ba Aniversario de la creaci\u00f3n de la Di\u00f3cesis de Reconquista\">[&#8230;]<\/a><\/p>\n<\/div>","protected":false},"author":1,"featured_media":0,"comment_status":"open","ping_status":"open","sticky":false,"template":"","format":"standard","meta":{"footnotes":""},"categories":[28],"tags":[],"class_list":["post-1307","post","type-post","status-publish","format-standard","hentry","category-latest-news"],"_links":{"self":[{"href":"https:\/\/www.obispadorqta.org.ar\/v3\/wp-json\/wp\/v2\/posts\/1307","targetHints":{"allow":["GET"]}}],"collection":[{"href":"https:\/\/www.obispadorqta.org.ar\/v3\/wp-json\/wp\/v2\/posts"}],"about":[{"href":"https:\/\/www.obispadorqta.org.ar\/v3\/wp-json\/wp\/v2\/types\/post"}],"author":[{"embeddable":true,"href":"https:\/\/www.obispadorqta.org.ar\/v3\/wp-json\/wp\/v2\/users\/1"}],"replies":[{"embeddable":true,"href":"https:\/\/www.obispadorqta.org.ar\/v3\/wp-json\/wp\/v2\/comments?post=1307"}],"version-history":[{"count":0,"href":"https:\/\/www.obispadorqta.org.ar\/v3\/wp-json\/wp\/v2\/posts\/1307\/revisions"}],"wp:attachment":[{"href":"https:\/\/www.obispadorqta.org.ar\/v3\/wp-json\/wp\/v2\/media?parent=1307"}],"wp:term":[{"taxonomy":"category","embeddable":true,"href":"https:\/\/www.obispadorqta.org.ar\/v3\/wp-json\/wp\/v2\/categories?post=1307"},{"taxonomy":"post_tag","embeddable":true,"href":"https:\/\/www.obispadorqta.org.ar\/v3\/wp-json\/wp\/v2\/tags?post=1307"}],"curies":[{"name":"wp","href":"https:\/\/api.w.org\/{rel}","templated":true}]}}