{"id":1309,"date":"2017-02-24T11:00:36","date_gmt":"2017-02-24T11:00:36","guid":{"rendered":"http:\/\/www.obispadorqta.org.ar\/v3\/seminarioinicio\/"},"modified":"2017-02-24T11:00:36","modified_gmt":"2017-02-24T11:00:36","slug":"seminarioinicio","status":"publish","type":"post","link":"https:\/\/www.obispadorqta.org.ar\/v3\/seminarioinicio\/","title":{"rendered":"Inicio a\u00f1o lectivo del Seminario Interdiocesano \u00abLa Encarnaci\u00f3n\u00bb"},"content":{"rendered":"<div style=\"text-align: center\"><img loading=\"lazy\" decoding=\"async\" src=\"https:\/\/scontent-eze1-1.xx.fbcdn.net\/v\/t1.0-9\/16864516_1868359103453595_1747849640145530984_n.jpg?oh=c124b7dd00fd0468e56103f33c3f3d07&#038;oe=59372FEF\" border=\"0\" width=\"400\" height=\"300\" \/><\/div>\n<div style=\"text-align: center\">\u00a0<\/div>\n<div style=\"text-align: justify\">Con la celebraci\u00f3n de la Santa Misa, a las 19 hs., el lunes 27 de febrero se iniciar\u00e1 formalmente el a\u00f1o formativo en el Seminario Interdiocesano \u00abLa Encarnaci\u00f3n\u00bb, con el ingreso de los nuevos seminaristas, de nuestra di\u00f3cesis ingresan dos j\u00f3venes. Invitamos a participar de este evento que congrega a toda la regi\u00f3n y a elevar nuestra oraci\u00f3n por las vocaciones.<\/div>\n","protected":false},"excerpt":{"rendered":"<div class=\"mh-excerpt\"><p>\u00a0 Con la celebraci\u00f3n de la Santa Misa, a las 19 hs., el lunes 27 de febrero se iniciar\u00e1 formalmente el a\u00f1o formativo en el <a class=\"mh-excerpt-more\" href=\"https:\/\/www.obispadorqta.org.ar\/v3\/seminarioinicio\/\" title=\"Inicio a\u00f1o lectivo del Seminario Interdiocesano \u00abLa Encarnaci\u00f3n\u00bb\">[&#8230;]<\/a><\/p>\n<\/div>","protected":false},"author":1,"featured_media":0,"comment_status":"open","ping_status":"open","sticky":false,"template":"","format":"standard","meta":{"footnotes":""},"categories":[28],"tags":[],"class_list":["post-1309","post","type-post","status-publish","format-standard","hentry","category-latest-news"],"_links":{"self":[{"href":"https:\/\/www.obispadorqta.org.ar\/v3\/wp-json\/wp\/v2\/posts\/1309","targetHints":{"allow":["GET"]}}],"collection":[{"href":"https:\/\/www.obispadorqta.org.ar\/v3\/wp-json\/wp\/v2\/posts"}],"about":[{"href":"https:\/\/www.obispadorqta.org.ar\/v3\/wp-json\/wp\/v2\/types\/post"}],"author":[{"embeddable":true,"href":"https:\/\/www.obispadorqta.org.ar\/v3\/wp-json\/wp\/v2\/users\/1"}],"replies":[{"embeddable":true,"href":"https:\/\/www.obispadorqta.org.ar\/v3\/wp-json\/wp\/v2\/comments?post=1309"}],"version-history":[{"count":0,"href":"https:\/\/www.obispadorqta.org.ar\/v3\/wp-json\/wp\/v2\/posts\/1309\/revisions"}],"wp:attachment":[{"href":"https:\/\/www.obispadorqta.org.ar\/v3\/wp-json\/wp\/v2\/media?parent=1309"}],"wp:term":[{"taxonomy":"category","embeddable":true,"href":"https:\/\/www.obispadorqta.org.ar\/v3\/wp-json\/wp\/v2\/categories?post=1309"},{"taxonomy":"post_tag","embeddable":true,"href":"https:\/\/www.obispadorqta.org.ar\/v3\/wp-json\/wp\/v2\/tags?post=1309"}],"curies":[{"name":"wp","href":"https:\/\/api.w.org\/{rel}","templated":true}]}}