{"id":131,"date":"2009-08-13T19:39:04","date_gmt":"2009-08-13T19:39:04","guid":{"rendered":"http:\/\/www.obispadorqta.org.ar\/v3\/mons-sigampa-fabriciano\/"},"modified":"2009-08-13T19:39:04","modified_gmt":"2009-08-13T19:39:04","slug":"mons-sigampa-fabriciano","status":"publish","type":"post","link":"https:\/\/www.obispadorqta.org.ar\/v3\/mons-sigampa-fabriciano\/","title":{"rendered":"Mons. Sigampa, Fabriciano"},"content":{"rendered":"<p><a href=\"http:\/\/4.bp.blogspot.com\/_Dl5zl2Tn-es\/So2uj3QBtfI\/AAAAAAAAADE\/D9l0yYC9KRg\/s1600-h\/SIGAMPA.jpg\"><\/a>  <\/p>\n<p style=\"margin-left: 0pt; margin-right: 0pt\" align=\"justify\"><img loading=\"lazy\" decoding=\"async\" src=\"http:\/\/a6.sphotos.ak.fbcdn.net\/hphotos-ak-ash3\/525793_283527008410464_100002595011706_564577_2083063132_n.jpg\" border=\"0\" width=\"113\" height=\"157\" align=\"left\" \/><font color=\"#000000\"><span style=\"font-family: 'Tahoma'\"><font size=\"2\">Naci\u00f3 el 15 de septiembre de 1936 en Vichigasta, <\/font><\/span><span style=\"font-family: 'Tahoma'\"><font size=\"2\">La Rioja. Termin\u00f3<\/font><\/span><span style=\"font-family: 'Tahoma'\"><font size=\"2\"> el Colegio Secundario con el T\u00edtulo de Maestro, actividad que ejerci\u00f3 hasta ingresar al Seminario de C\u00f3rdoba en 1963. Fue ordenado Sacerdote en 1970. Su primer destino Pastoral fue <\/font><\/span><span style=\"font-family: 'Tahoma'\"><font size=\"2\">la Parroquia<\/font><\/span><span style=\"font-family: 'Tahoma'\"><font size=\"2\"> de Aimogasta, <\/font><\/span><span style=\"font-family: 'Tahoma'\"><font size=\"2\">La Rioja<\/font><\/span><span style=\"font-family: 'Tahoma'\"><font size=\"2\">, donde estuvo hasta el a\u00f1o 1976. Entre 1977 y 1980, fue P\u00e1rroco de <\/font><\/span><span style=\"font-family: 'Tahoma'\"><font size=\"2\">la Parroquia<\/font><\/span><span style=\"font-family: 'Tahoma'\"><font size=\"2\"> \u00abNuestra Se\u00f1ora de F\u00e1tima\u00bb en <\/font><\/span><span style=\"font-family: 'Tahoma'\"><font size=\"2\">La Rioja. Al<\/font><\/span><span style=\"font-family: 'Tahoma'\"><font size=\"2\"> mismo tiempo fue Secretario Canciller del Obispado de <\/font><\/span><span style=\"font-family: 'Tahoma'\"><font size=\"2\">La Rioja. Luego<\/font><\/span><span style=\"font-family: 'Tahoma'\"><font size=\"2\"> fue Vicario General. Su ordenaci\u00f3n Episcopal fue el 03 de mayo de 1985 en <\/font><\/span><span style=\"font-family: 'Tahoma'\"><font size=\"2\">La Rioja<\/font><\/span><span style=\"font-family: 'Tahoma'\"><font size=\"2\"> y Tom\u00f3 Posesi\u00f3n el 19 de mayo de 1985 en <\/font><\/span><span style=\"font-family: 'Tahoma'\"><font size=\"2\">la Iglesia Catedral<\/font><\/span><span style=\"font-family: 'Tahoma'\"><font size=\"2\"> de Reconquista. Eligi\u00f3 como lema para su ministerio, la frase evang\u00e9lica \u00ab<\/font><\/span><span style=\"font-family: 'Tahoma'\"><em><font size=\"2\">Al\u00e9grense en el Se\u00f1or<\/font><\/em><\/span><span style=\"font-family: 'Tahoma'\"><font size=\"2\">\u00ab. Fue trasladado como Obispo de <\/font><\/span><span style=\"font-family: 'Tahoma'\"><font size=\"2\">La Rioja<\/font><\/span><span style=\"font-family: 'Tahoma'\"><font size=\"2\"> el 30 de diciembre de 1992, y Tom\u00f3 posesi\u00f3n el 25 de marzo de 1993.<\/font><\/span><\/font><\/p>\n<p style=\"margin-left: 0pt; margin-right: 0pt\" align=\"justify\"><font color=\"#000000\"><span style=\"font-family: 'Tahoma'\"><font size=\"2\">Es Arzobispo de <\/font><\/span><span style=\"font-family: 'Tahoma'\"><font size=\"2\">la Arquidi\u00f3cesis<\/font><\/span><span style=\"font-family: 'Tahoma'\"><font size=\"2\"> de Resistencia, Chaco.<\/font><\/span><\/font><\/p>\n<p style=\"margin-left: 0pt; margin-right: 0pt\" align=\"justify\"><font color=\"#000000\">\u00a0<\/font><\/p>\n<p style=\"margin-left: 0pt; margin-right: 0pt\" align=\"justify\"><font color=\"#000000\"><u><span style=\"font-family: 'Tahoma'\"><strong><font size=\"2\">Significado del escudo Episcopal<\/font><\/strong><\/span><\/u><\/p>\n<p><span style=\"font-family: 'Tahoma'\"><font size=\"2\">Sob<\/font><\/span><img loading=\"lazy\" decoding=\"async\" src=\"http:\/\/docs.google.com\/File?id=dgv82st9_108vcfkw4dt_b\" border=\"0\" alt=\"Ver escudo grande\" width=\"80\" height=\"107\" align=\"left\" \/><span style=\"font-family: 'Tahoma'\"><font size=\"2\">re la cruz se apoya el escudo. Es <\/font><\/span><span style=\"font-family: 'Tahoma'\"><font size=\"2\">la Cruz Pascual.<\/font><\/span><span style=\"font-family: 'Tahoma'\"><font size=\"2\"> Su color rojo simboliza que por medio de la sangre<\/font><\/span><span style=\"font-family: 'Tahoma'\"><font size=\"2\"> de Cristo tenemos <\/font><\/span><span style=\"font-family: 'Tahoma'\"><font size=\"2\">la Redenci\u00f3n. Al<\/font><\/span><span style=\"font-family: 'Tahoma'\"><font size=\"2\"> amparo de la cruz salvadora, el Obispo, junto con sus sacerdotes, religiosos y laicos, emprender\u00e1 la obra evangelizadora al servicio del Pueblo de Dios.<\/font><\/span><\/font><\/p>\n<p style=\"margin-left: 0pt; margin-right: 0pt\" align=\"justify\"><font color=\"#000000\"><span style=\"font-family: 'Tahoma'\"><font size=\"2\">De la cruz nace el cayado del Pastor (en color rojo). Con \u00e9l se indica la misi\u00f3n confiada al Obis<\/font><\/span><span style=\"font-family: 'Tahoma'\"><font size=\"2\">po: apacentar el reba\u00f1o de Dios, velar por \u00e9l, con abnegaci\u00f3n, siendo de coraz\u00f3n ejemlo para todos como Cristo, Buen Pastor que conoce, ama y entrega su vida por sus ovejas.<\/font><\/span><\/font><\/p>\n<p style=\"margin-left: 0pt; margin-right: 0pt\" align=\"justify\"><font color=\"#000000\"><span style=\"font-family: 'Tahoma'\"><font size=\"2\">Sobre la cruz y el cayado se apoya el monograma de Mar\u00eda, una M en color oro. <\/font><\/span><span style=\"font-family: 'Tahoma'\"><font size=\"2\">La Inmaculada Madre<\/font><\/span><span style=\"font-family: 'Tahoma'\"><font size=\"2\"> de Dios y de los hombres est\u00e1 \u00edntimamente asociada al sacrificio de su Hijo y a la vez abierta a la alegr\u00eda de <\/font><\/span><span style=\"font-family: 'Tahoma'\"><font size=\"2\">la Resurrecci\u00f3n. Por<\/font><\/span><span style=\"font-family: 'Tahoma'\"><font size=\"2\"> eso es \u00abcausa de nuestra alegr\u00eda\u00bb. Simboliza la devoci\u00f3n del Obispo a su Madre del Cielo, que acompa\u00f1\u00f3 la vocaci\u00f3n de este hijo que llega a la plenitud del sacerdocio. Al mismo tiempo, a Ella el nuevo Pastor conf\u00eda su ministerio para que sea Madre educadora de la fe, y cuide que el Evangelio de Jes\u00fas penetre y conforme la vida diaria, produzca frutos de santidad y haga que <\/font><\/span><span style=\"font-family: 'Tahoma'\"><font size=\"2\">la Iglesia<\/font><\/span><span style=\"font-family: 'Tahoma'\"><font size=\"2\"> de Reconquista se sienta familia.<\/font><\/span><\/font><\/p>\n<p style=\"margin-left: 0pt; margin-right: 0pt\" align=\"justify\"><font color=\"#000000\"><span style=\"font-family: 'Tahoma'\"><font size=\"2\">El campo blanco simboliza el agua de la fecundidad; el celeste la serenidad. Ambos quieren simbolizar la identidad socio-cultural de nuestro pueblo, tan rico en valores humanos y cristianos, y de manera especial de <\/font><\/span><span style=\"font-family: 'Tahoma'\"><font size=\"2\">la Di\u00f3cesis<\/font><\/span><span style=\"font-family: 'Tahoma'\"><font size=\"2\"> confiada al Obispo.<\/font><\/span><\/font><\/p>\n<p style=\"margin-left: 0pt; margin-right: 0pt\" align=\"justify\"><font color=\"#000000\"><span style=\"font-family: 'Tahoma'\"><font size=\"2\">El copo de algod\u00f3n, en el campo celeste, simboliza el trabajo, las fatigas, las esperanzas y la prosperidad de <\/font><\/span><span style=\"font-family: 'Tahoma'\"><font size=\"2\">la Di\u00f3cesis<\/font><\/span><span style=\"font-family: 'Tahoma'\"><font size=\"2\"> de Reconquista. A trav\u00e9s del trabajo, con todo lo que de esfuerzo y valor conlleva, en uni\u00f3n con Cristo, el hombre no s\u00f3lo domina y perfecciona la creaci\u00f3n, sino que colabora tambi\u00e9n en la redenci\u00f3n de la humanidad y en la construcci\u00f3n de un mundo nuevo y de una patria de hermanos.<\/font><\/span><\/font><\/p>\n<p style=\"margin-left: 0pt; margin-right: 0pt\" align=\"justify\"><font color=\"#000000\"><span style=\"font-family: 'Tahoma'\"><font size=\"2\">El lema: \u00abAlegraos en el Se\u00f1or\u00bb (Fil. 4,4) es la invitaci\u00f3n que formula el Obispo a todos sus hijos. Porque la alegr\u00eda es el fruto del Esp\u00edritu que sigue dando a tantos cristianos la alegr\u00eda de vivir cada d\u00eda su vocaci\u00f3n particular en la paz y la esperanza que sobrepasa los fracasos y los sufrimientos. Es el anuncio gozozo porque Jes\u00fas nos ha redimido y hecho Hijos de Dios, vincul\u00e1ndonos a <\/font><\/span><span style=\"font-family: 'Tahoma'\"><font size=\"2\">la Iglesia<\/font><\/span><span style=\"font-family: 'Tahoma'\"><font size=\"2\">, y por su acci\u00f3n salvadora, a trav\u00e9s de <\/font><\/span><span style=\"font-family: 'Tahoma'\"><font size=\"2\">la Palabra<\/font><\/span><span style=\"font-family: 'Tahoma'\"><font size=\"2\"> y los Sacramentos, ella colma de dicha y de esperanza el coraz\u00f3n humano. <\/font><\/span><\/font><\/p>\n","protected":false},"excerpt":{"rendered":"<div class=\"mh-excerpt\"><p>Naci\u00f3 el 15 de septiembre de 1936 en Vichigasta, La Rioja. Termin\u00f3 el Colegio Secundario con el T\u00edtulo de Maestro, actividad que ejerci\u00f3 hasta ingresar <a class=\"mh-excerpt-more\" href=\"https:\/\/www.obispadorqta.org.ar\/v3\/mons-sigampa-fabriciano\/\" title=\"Mons. Sigampa, Fabriciano\">[&#8230;]<\/a><\/p>\n<\/div>","protected":false},"author":1,"featured_media":0,"comment_status":"open","ping_status":"open","sticky":false,"template":"","format":"standard","meta":{"footnotes":""},"categories":[57],"tags":[],"class_list":["post-131","post","type-post","status-publish","format-standard","hentry","category-obispos-anteriores"],"_links":{"self":[{"href":"https:\/\/www.obispadorqta.org.ar\/v3\/wp-json\/wp\/v2\/posts\/131","targetHints":{"allow":["GET"]}}],"collection":[{"href":"https:\/\/www.obispadorqta.org.ar\/v3\/wp-json\/wp\/v2\/posts"}],"about":[{"href":"https:\/\/www.obispadorqta.org.ar\/v3\/wp-json\/wp\/v2\/types\/post"}],"author":[{"embeddable":true,"href":"https:\/\/www.obispadorqta.org.ar\/v3\/wp-json\/wp\/v2\/users\/1"}],"replies":[{"embeddable":true,"href":"https:\/\/www.obispadorqta.org.ar\/v3\/wp-json\/wp\/v2\/comments?post=131"}],"version-history":[{"count":0,"href":"https:\/\/www.obispadorqta.org.ar\/v3\/wp-json\/wp\/v2\/posts\/131\/revisions"}],"wp:attachment":[{"href":"https:\/\/www.obispadorqta.org.ar\/v3\/wp-json\/wp\/v2\/media?parent=131"}],"wp:term":[{"taxonomy":"category","embeddable":true,"href":"https:\/\/www.obispadorqta.org.ar\/v3\/wp-json\/wp\/v2\/categories?post=131"},{"taxonomy":"post_tag","embeddable":true,"href":"https:\/\/www.obispadorqta.org.ar\/v3\/wp-json\/wp\/v2\/tags?post=131"}],"curies":[{"name":"wp","href":"https:\/\/api.w.org\/{rel}","templated":true}]}}