{"id":1310,"date":"2017-02-24T15:28:22","date_gmt":"2017-02-24T15:28:22","guid":{"rendered":"http:\/\/www.obispadorqta.org.ar\/v3\/oreddddd\/"},"modified":"2017-02-24T15:28:22","modified_gmt":"2017-02-24T15:28:22","slug":"oreddddd","status":"publish","type":"post","link":"https:\/\/www.obispadorqta.org.ar\/v3\/oreddddd\/","title":{"rendered":"Ordenaci\u00f3n Sacerdotal del Di\u00e1c. Guillermo Nicol\u00e1s Ben\u00edtez."},"content":{"rendered":"<div style=\"text-align: center\"><img loading=\"lazy\" decoding=\"async\" src=\"https:\/\/scontent-eze1-1.xx.fbcdn.net\/v\/t1.0-9\/16938724_1249785511784604_6849993812695779624_n.jpg?oh=05b3778d5c4d65efdf5ed2279215af0d&#038;oe=59496862\" border=\"0\" width=\"223\" height=\"400\" \/><\/div>\n<div style=\"text-align: justify\">\u00a0<\/div>\n<div style=\"text-align: justify\">Bajo el lema \u201cYo hago nuevas todas las cosas\u201d (Ap. 21, 5), el Di\u00e1cono Guillermo Nicol\u00e1s Benitez ser\u00e1 ordenado Presb\u00edtero por nuestro Obispo Diocesano, Mons. Dr. \u00c1ngel Jos\u00e9 Mac\u00edn.<\/div>\n<div style=\"text-align: justify\"><\/div>\n<div style=\"text-align: justify\">Ser\u00e1 el domingo 19 de marzo a las 19 horas en el Atrio de la Catedral de Reconquista \u00abInmaculada Concepci\u00f3n\u00bb.<\/div>\n<div style=\"text-align: justify\"><\/div>\n<div style=\"text-align: justify\">Despu\u00e9s de la celebraci\u00f3n habr\u00e1 un compartir fraterno en el patio de la Catedral.<\/div>\n<div style=\"text-align: justify\"><\/div>\n<div style=\"text-align: justify\">La primera Misa ser\u00e1 el lunes 20 a las 20.15 en la Catedral.<\/div>\n<div style=\"text-align: justify\"><\/div>\n<div style=\"text-align: justify\">Invitamos a toda la comunidad a asistir a este acontecimiento que nos llena de gozo y alegr\u00eda, y por sobre todo de agradecimiento por este nuevo sacerdote en nuestra Di\u00f3cesis de Reconquista.<\/div>\n<div style=\"text-align: justify\"><\/div>\n","protected":false},"excerpt":{"rendered":"<div class=\"mh-excerpt\"><p>\u00a0 Bajo el lema \u201cYo hago nuevas todas las cosas\u201d (Ap. 21, 5), el Di\u00e1cono Guillermo Nicol\u00e1s Benitez ser\u00e1 ordenado Presb\u00edtero por nuestro Obispo Diocesano, <a class=\"mh-excerpt-more\" href=\"https:\/\/www.obispadorqta.org.ar\/v3\/oreddddd\/\" title=\"Ordenaci\u00f3n Sacerdotal del Di\u00e1c. Guillermo Nicol\u00e1s Ben\u00edtez.\">[&#8230;]<\/a><\/p>\n<\/div>","protected":false},"author":1,"featured_media":0,"comment_status":"open","ping_status":"open","sticky":false,"template":"","format":"standard","meta":{"footnotes":""},"categories":[28],"tags":[],"class_list":["post-1310","post","type-post","status-publish","format-standard","hentry","category-latest-news"],"_links":{"self":[{"href":"https:\/\/www.obispadorqta.org.ar\/v3\/wp-json\/wp\/v2\/posts\/1310","targetHints":{"allow":["GET"]}}],"collection":[{"href":"https:\/\/www.obispadorqta.org.ar\/v3\/wp-json\/wp\/v2\/posts"}],"about":[{"href":"https:\/\/www.obispadorqta.org.ar\/v3\/wp-json\/wp\/v2\/types\/post"}],"author":[{"embeddable":true,"href":"https:\/\/www.obispadorqta.org.ar\/v3\/wp-json\/wp\/v2\/users\/1"}],"replies":[{"embeddable":true,"href":"https:\/\/www.obispadorqta.org.ar\/v3\/wp-json\/wp\/v2\/comments?post=1310"}],"version-history":[{"count":0,"href":"https:\/\/www.obispadorqta.org.ar\/v3\/wp-json\/wp\/v2\/posts\/1310\/revisions"}],"wp:attachment":[{"href":"https:\/\/www.obispadorqta.org.ar\/v3\/wp-json\/wp\/v2\/media?parent=1310"}],"wp:term":[{"taxonomy":"category","embeddable":true,"href":"https:\/\/www.obispadorqta.org.ar\/v3\/wp-json\/wp\/v2\/categories?post=1310"},{"taxonomy":"post_tag","embeddable":true,"href":"https:\/\/www.obispadorqta.org.ar\/v3\/wp-json\/wp\/v2\/tags?post=1310"}],"curies":[{"name":"wp","href":"https:\/\/api.w.org\/{rel}","templated":true}]}}