{"id":1312,"date":"2017-03-01T13:03:43","date_gmt":"2017-03-01T13:03:43","guid":{"rendered":"http:\/\/www.obispadorqta.org.ar\/v3\/seminaristasnuevos\/"},"modified":"2017-03-01T13:03:43","modified_gmt":"2017-03-01T13:03:43","slug":"seminaristasnuevos","status":"publish","type":"post","link":"https:\/\/www.obispadorqta.org.ar\/v3\/seminaristasnuevos\/","title":{"rendered":"Nuevos Seminaristas"},"content":{"rendered":"<p style=\"text-align: justify\">&nbsp;<\/p>\n<p style=\"text-align: center\"><img loading=\"lazy\" decoding=\"async\" src=\"https:\/\/scontent-eze1-1.xx.fbcdn.net\/v\/t1.0-9\/16938914_1254678281295327_3218760649069111154_n.jpg?oh=663b736f12c2cda32443f19a60b6c3bd&#038;oe=5933853B\" border=\"0\" width=\"218\" height=\"259\" \/><img loading=\"lazy\" decoding=\"async\" src=\"https:\/\/scontent-eze1-1.xx.fbcdn.net\/v\/t1.0-9\/17098519_1254678284628660_5056436273393354304_n.jpg?oh=c5d6c49b827a7d3f9b21a5d83a122209&#038;oe=5940DA5B\" border=\"0\" width=\"210\" height=\"261\" \/><span style=\"font-size: 12.16px; line-height: 1.3em\">\u00a0<\/span><\/p>\n<p style=\"text-align: justify\"><span style=\"font-size: 12.16px; line-height: 1.3em\">El d\u00eda lunes pr\u00f3ximo pasado, con la celebraci\u00f3n de la Santa Misa se dio inicio al ciclo lectivo 2017 del Seminario Interdiocesano \u00abLa Encarnaci\u00f3n\u00bb en la ciudad de Resistencia. La misma fue presidida por el Arzobispo Mons. Ram\u00f3n Alfredo Dus y concelebrada por los Obispos responsables del Seminario.<\/span><\/p>\n<p style=\"text-align: justify\"><span style=\"font-size: 12.16px; line-height: 1.3em\">Tambi\u00e9n se presentaron a los seminaristas que ingresaron este a\u00f1o para comenzar este camino de formaci\u00f3n, fueron un total de nueve ingresantes de los cuales dos son de la di\u00f3cesis de Reconquista; Luis Gabriel Almir\u00f3n, de la parroquia \u00abSan Juan Bautista\u00bb de la ciudad de Vera y Facundo Micheloud, de la parroquia \u00abInmaculada Concepci\u00f3n\u00bb de la ciudad de Reconquista.<\/span><\/p>\n<p style=\"text-align: justify\"><span style=\"font-size: 12.16px; line-height: 1.3em\">Estos dos j\u00f3venes se suman a otros nueve seminaristas de la di\u00f3cesis, haciendo un total de once\u00a0<\/span><span style=\"font-size: 12.16px; line-height: 15.808px\">en su formaci\u00f3n inicial.<\/span><\/p>\n<p style=\"text-align: justify\">Encomendamos nuestras oraciones por las vocaciones y la perseverancia de nuestros seminaristas.<\/p>\n","protected":false},"excerpt":{"rendered":"<div class=\"mh-excerpt\"><p>&nbsp; \u00a0 El d\u00eda lunes pr\u00f3ximo pasado, con la celebraci\u00f3n de la Santa Misa se dio inicio al ciclo lectivo 2017 del Seminario Interdiocesano \u00abLa <a class=\"mh-excerpt-more\" href=\"https:\/\/www.obispadorqta.org.ar\/v3\/seminaristasnuevos\/\" title=\"Nuevos Seminaristas\">[&#8230;]<\/a><\/p>\n<\/div>","protected":false},"author":1,"featured_media":0,"comment_status":"open","ping_status":"open","sticky":false,"template":"","format":"standard","meta":{"footnotes":""},"categories":[28],"tags":[],"class_list":["post-1312","post","type-post","status-publish","format-standard","hentry","category-latest-news"],"_links":{"self":[{"href":"https:\/\/www.obispadorqta.org.ar\/v3\/wp-json\/wp\/v2\/posts\/1312","targetHints":{"allow":["GET"]}}],"collection":[{"href":"https:\/\/www.obispadorqta.org.ar\/v3\/wp-json\/wp\/v2\/posts"}],"about":[{"href":"https:\/\/www.obispadorqta.org.ar\/v3\/wp-json\/wp\/v2\/types\/post"}],"author":[{"embeddable":true,"href":"https:\/\/www.obispadorqta.org.ar\/v3\/wp-json\/wp\/v2\/users\/1"}],"replies":[{"embeddable":true,"href":"https:\/\/www.obispadorqta.org.ar\/v3\/wp-json\/wp\/v2\/comments?post=1312"}],"version-history":[{"count":0,"href":"https:\/\/www.obispadorqta.org.ar\/v3\/wp-json\/wp\/v2\/posts\/1312\/revisions"}],"wp:attachment":[{"href":"https:\/\/www.obispadorqta.org.ar\/v3\/wp-json\/wp\/v2\/media?parent=1312"}],"wp:term":[{"taxonomy":"category","embeddable":true,"href":"https:\/\/www.obispadorqta.org.ar\/v3\/wp-json\/wp\/v2\/categories?post=1312"},{"taxonomy":"post_tag","embeddable":true,"href":"https:\/\/www.obispadorqta.org.ar\/v3\/wp-json\/wp\/v2\/tags?post=1312"}],"curies":[{"name":"wp","href":"https:\/\/api.w.org\/{rel}","templated":true}]}}