{"id":1316,"date":"2017-03-08T11:50:32","date_gmt":"2017-03-08T11:50:32","guid":{"rendered":"http:\/\/www.obispadorqta.org.ar\/v3\/sedioca-seminario-diocesano-de-catequesis-3\/"},"modified":"2017-03-08T11:50:32","modified_gmt":"2017-03-08T11:50:32","slug":"sedioca-seminario-diocesano-de-catequesis-3","status":"publish","type":"post","link":"https:\/\/www.obispadorqta.org.ar\/v3\/sedioca-seminario-diocesano-de-catequesis-3\/","title":{"rendered":"SEDIOCA \u2013 Seminario Diocesano de Catequesis"},"content":{"rendered":"<p style=\"text-align: center; margin-bottom: 0.0001pt; text-indent: 35.4pt; line-height: normal\" class=\"MsoNormal\"><img loading=\"lazy\" decoding=\"async\" src=\"https:\/\/scontent-eze1-1.xx.fbcdn.net\/v\/t1.0-9\/17190785_1262198930543262_3148970984616559887_n.jpg?oh=40a2dfbfec7e59e8e05a90356b8d0721&#038;oe=592BA93A\" border=\"0\" width=\"350\" height=\"305\" align=\"middle\" \/><span style=\"text-indent: 35.4pt; font-size: 12.16px\">\u00a0<\/span><\/p>\n<p style=\"margin-bottom: 0.0001pt; text-align: justify; text-indent: 35.4pt; line-height: normal\" class=\"MsoNormal\"><span style=\"font-size: 10pt; font-family: 'Times New Roman', serif\"><font color=\"#000000\">Bajo el lema <strong><em>\u201cCatequistas, llamados y enviados\u201d<\/em><\/strong> queremos invitarlos al Seminario Diocesano de Catequesis que se realizar\u00e1 el pr\u00f3ximo s\u00e1bado 11 de marzo en el Instituto Gustavo Mart\u00ednez Zuvir\u00eda de Avellaneda.<\/font><\/span><\/p>\n<p style=\"margin-bottom: 0.0001pt; text-align: justify; text-indent: 35.4pt; line-height: normal\" class=\"MsoNormal\"><font color=\"#000000\"><span style=\"font-size: 10pt; font-family: 'Times New Roman', serif\">El tema a abordar nos anima a renovar y crecer en nuestra identidad de catequistas. El centro de la jornada ser\u00e1 ahondar en la vocaci\u00f3n del catequista para estos tiempos. Nos dice el Papa Francisco: \u201cCatequista es una vocaci\u00f3n: \u201cser catequista\u201d, esa es la vocaci\u00f3n; no trabajar como catequista. Entiendan bien, no he dicho \u201chacer\u201d el catequista, sino \u201cserlo\u201d, porque envuelve la vida. Se gu\u00eda al encuentro con Jes\u00fas con las palabras y con la vida, con el testimonio\u201d.<\/span><span style=\"font-family: 'Times New Roman', serif; font-size: 10pt; text-indent: 35.4pt\">\u00a0<\/span><\/font><\/p>\n<p style=\"margin-bottom: 0.0001pt; text-align: justify; text-indent: 35.4pt; line-height: normal\" class=\"MsoNormal\"><span style=\"font-size: 10pt; font-family: 'Times New Roman', serif\"><font color=\"#000000\">Para la animaci\u00f3n de este SEDIOCA contaremos con la presencia destacada del Padre Pablo Ardiles, de la Junta de Catequesis de la Arquidi\u00f3cesis de C\u00f3rdoba. La modalidad del Seminario Diocesano de Catequesis es entonces de valorizar y vitalizar la vida espiritual del catequista, su vocaci\u00f3n y su misi\u00f3n.<\/font><\/span><\/p>\n<p style=\"margin-bottom: 0.0001pt; text-align: justify; text-indent: 35.4pt; line-height: normal\" class=\"MsoNormal\"><font color=\"#000000\"><span style=\"font-size: 10pt; font-family: 'Times New Roman', serif\">La invitaci\u00f3n es para el s\u00e1bado 11 de marzo de 8:30 a 17:00, incluyendo la celebraci\u00f3n de la Santa Misa. El lugar es el Instituto Gustavo M. Zuvir\u00eda de Avellaneda. El almuerzo es a la canasta, pero con la posibilidad de adquirir el almuerzo y bebidas en el lugar. Logicamente no se suspende por lluvia.<\/span><span style=\"font-family: 'Times New Roman', serif; font-size: 10pt; text-indent: 35.4pt\">\u00a0<\/span><\/font><\/p>\n<p style=\"margin-bottom: 0.0001pt; text-align: justify; text-indent: 35.4pt; line-height: normal\" class=\"MsoNormal\"><span style=\"font-size: 10pt; font-family: 'Times New Roman', serif\"><font color=\"#000000\">Pidiendo la gracia del Esp\u00edritu Santo en este comienzo de a\u00f1o catequ\u00edstico y un coraz\u00f3n bien dispuesto para este comino cuaresmal, los saludamos cercanamente en el Se\u00f1or.\u00a0<\/font><\/span><\/p>\n","protected":false},"excerpt":{"rendered":"<div class=\"mh-excerpt\"><p style=\"text-align: center; margin-bottom: 0.0001pt; text-indent: 35.4pt; line-height: normal\" class=\"MsoNormal\"><img loading=\"lazy\" decoding=\"async\" src=\"https:\/\/scontent-eze1-1.xx.fbcdn.net\/v\/t1.0-9\/17190785_1262198930543262_3148970984616559887_n.jpg?oh=40a2dfbfec7e59e8e05a90356b8d0721&#038;oe=592BA93A\" border=\"0\" width=\"350\" height=\"305\" align=\"middle\" \/><span style=\"text-indent: 35.4pt; font-size: 12.16px\">\u00a0<\/span><\/p>\n<\/div>","protected":false},"author":1,"featured_media":0,"comment_status":"open","ping_status":"open","sticky":false,"template":"","format":"standard","meta":{"footnotes":""},"categories":[28],"tags":[],"class_list":["post-1316","post","type-post","status-publish","format-standard","hentry","category-latest-news"],"_links":{"self":[{"href":"https:\/\/www.obispadorqta.org.ar\/v3\/wp-json\/wp\/v2\/posts\/1316","targetHints":{"allow":["GET"]}}],"collection":[{"href":"https:\/\/www.obispadorqta.org.ar\/v3\/wp-json\/wp\/v2\/posts"}],"about":[{"href":"https:\/\/www.obispadorqta.org.ar\/v3\/wp-json\/wp\/v2\/types\/post"}],"author":[{"embeddable":true,"href":"https:\/\/www.obispadorqta.org.ar\/v3\/wp-json\/wp\/v2\/users\/1"}],"replies":[{"embeddable":true,"href":"https:\/\/www.obispadorqta.org.ar\/v3\/wp-json\/wp\/v2\/comments?post=1316"}],"version-history":[{"count":0,"href":"https:\/\/www.obispadorqta.org.ar\/v3\/wp-json\/wp\/v2\/posts\/1316\/revisions"}],"wp:attachment":[{"href":"https:\/\/www.obispadorqta.org.ar\/v3\/wp-json\/wp\/v2\/media?parent=1316"}],"wp:term":[{"taxonomy":"category","embeddable":true,"href":"https:\/\/www.obispadorqta.org.ar\/v3\/wp-json\/wp\/v2\/categories?post=1316"},{"taxonomy":"post_tag","embeddable":true,"href":"https:\/\/www.obispadorqta.org.ar\/v3\/wp-json\/wp\/v2\/tags?post=1316"}],"curies":[{"name":"wp","href":"https:\/\/api.w.org\/{rel}","templated":true}]}}