{"id":1317,"date":"2017-03-08T12:18:06","date_gmt":"2017-03-08T12:18:06","guid":{"rendered":"http:\/\/www.obispadorqta.org.ar\/v3\/08-de-marzo-dia-internacional-de-la-mujer\/"},"modified":"2017-03-08T12:18:06","modified_gmt":"2017-03-08T12:18:06","slug":"08-de-marzo-dia-internacional-de-la-mujer","status":"publish","type":"post","link":"https:\/\/www.obispadorqta.org.ar\/v3\/08-de-marzo-dia-internacional-de-la-mujer\/","title":{"rendered":"08 de Marzo: D\u00eda Internacional de la Mujer"},"content":{"rendered":"<p style=\"text-align: center\" class=\"MsoNormal\"><em><span style=\"font-size: 10pt; line-height: 115%; font-family: Georgia, serif; color: black; background-image: initial; background-position: initial; background-size: initial; background-repeat: initial; background-attachment: initial; background-origin: initial; background-clip: initial\"><strong>\u201cA la mujer no s\u00f3lo hay que escucharla m\u00e1s, sino que su voz debe tener un peso real, una autoridad reconocida, en la sociedad y en la Iglesia\u201d. Papa Francisco.<span class=\"apple-converted-space\">\u00a0(Abril 2015)<\/span><\/strong><\/span><\/em><\/p>\n<p style=\"text-align: center; line-height: 150%\" class=\"MsoNormal\"><img loading=\"lazy\" decoding=\"async\" src=\"https:\/\/scontent-eze1-1.xx.fbcdn.net\/v\/t1.0-9\/17098283_1262205383875950_1637546976263122664_n.jpg?oh=431ebedbbcc961e6c7dadd5c2b798f56&#038;oe=596CB40D\" border=\"0\" width=\"300\" height=\"444\" align=\"middle\" \/>\u00a0<span style=\"font-size: 12.16px\">\u00a0<\/span><\/p>\n<p style=\"text-align: justify\" class=\"MsoNormal\"><span style=\"font-size: 10pt; line-height: 115%; font-family: Georgia, serif\"><font color=\"#000000\">Como Iglesia Diocesana de Reconquista queremos homenajear en este d\u00eda a todas las mujeres. En especial a las de nuestra querida Di\u00f3cesis que d\u00eda a d\u00eda ponen todo de s\u00ed para construir un mundo mejor, un pa\u00eds mejor.<\/font><\/span><\/p>\n<p style=\"text-align: justify\" class=\"MsoNormal\"><span style=\"font-size: 10pt; line-height: 115%; font-family: Georgia, serif\"><font color=\"#000000\">Queremos reconocer a las mujeres del monte, a las de la ciudad, a las mujeres de los pueblos y parajes y a la mujer isle\u00f1a, que luchan por construir un lugar mejor para ella y sus familias. Que impregnan de amor los espacios donde est\u00e1n, donde se hacen presentes y trabajan, muchas veces sin el reconocimiento que se merecen. Mujeres humildes y silenciosas que construyen la paz con amor y paciencia. Mujeres luchadoras que rompen el silencio con su palabra sabia y contundente. <\/font><\/span><\/p>\n<p style=\"text-align: justify\" class=\"MsoNormal\"><span style=\"font-size: 10pt; line-height: 115%; font-family: Georgia, serif\"><font color=\"#000000\">Pedimos a Dios Nuestro Padre que bendiga a cada una de ellas, que bendiga los espacios que ocupan y cada uno de sus sue\u00f1os y proyectos, y a la querida Madre Mar\u00eda que las cubra con su manto, para darles la sabidur\u00eda y el valor que necesitan.<\/font><\/span><\/p>\n<p style=\"text-align: justify\" class=\"MsoNormal\">&nbsp;<\/p>\n<p style=\"text-align: center\" class=\"MsoNormal\"><span style=\"font-size: 10pt; line-height: 115%; font-family: Georgia, serif\"><font color=\"#000000\">Equipo Diocesano de Pastoral Social\u00a0\u00a0\u00a0\u00a0\u00a0\u00a0\u00a0\u00a0\u00a0\u00a0\u00a0\u00a0\u00a0\u00a0\u00a0\u00a0\u00a0\u00a0\u00a0\u00a0\u00a0\u00a0\u00a0\u00a0\u00a0\u00a0\u00a0\u00a0\u00a0\u00a0\u00a0\u00a0\u00a0\u00a0\u00a0\u00a0\u00a0 Obispo de Reconquista<\/font><\/span><\/p>\n","protected":false},"excerpt":{"rendered":"<div class=\"mh-excerpt\"><p style=\"text-align: center\" class=\"MsoNormal\"><em><span style=\"font-size: 10pt; line-height: 115%; font-family: Georgia, serif; color: black; background-image: initial; background-position: initial; background-size: initial; background-repeat: initial; background-attachment: initial; background-origin: initial; background-clip: initial\"><strong>\u201cA la mujer no s\u00f3lo hay que escucharla m\u00e1s, sino que su voz debe tener un peso real, una autoridad reconocida, en la sociedad y en la Iglesia\u201d. Papa Francisco.<span class=\"apple-converted-space\">\u00a0(Abril 2015)<\/span><\/strong><\/span><\/em><\/p>\n<p style=\"text-align: center; line-height: 150%\" class=\"MsoNormal\"><img loading=\"lazy\" decoding=\"async\" src=\"https:\/\/scontent-eze1-1.xx.fbcdn.net\/v\/t1.0-9\/17098283_1262205383875950_1637546976263122664_n.jpg?oh=431ebedbbcc961e6c7dadd5c2b798f56&#038;oe=596CB40D\" border=\"0\" width=\"300\" height=\"444\" align=\"middle\" \/>\u00a0<span style=\"font-size: 12.16px\">\u00a0<\/span><\/p>\n<\/div>","protected":false},"author":1,"featured_media":0,"comment_status":"open","ping_status":"open","sticky":false,"template":"","format":"standard","meta":{"footnotes":""},"categories":[28],"tags":[],"class_list":["post-1317","post","type-post","status-publish","format-standard","hentry","category-latest-news"],"_links":{"self":[{"href":"https:\/\/www.obispadorqta.org.ar\/v3\/wp-json\/wp\/v2\/posts\/1317","targetHints":{"allow":["GET"]}}],"collection":[{"href":"https:\/\/www.obispadorqta.org.ar\/v3\/wp-json\/wp\/v2\/posts"}],"about":[{"href":"https:\/\/www.obispadorqta.org.ar\/v3\/wp-json\/wp\/v2\/types\/post"}],"author":[{"embeddable":true,"href":"https:\/\/www.obispadorqta.org.ar\/v3\/wp-json\/wp\/v2\/users\/1"}],"replies":[{"embeddable":true,"href":"https:\/\/www.obispadorqta.org.ar\/v3\/wp-json\/wp\/v2\/comments?post=1317"}],"version-history":[{"count":0,"href":"https:\/\/www.obispadorqta.org.ar\/v3\/wp-json\/wp\/v2\/posts\/1317\/revisions"}],"wp:attachment":[{"href":"https:\/\/www.obispadorqta.org.ar\/v3\/wp-json\/wp\/v2\/media?parent=1317"}],"wp:term":[{"taxonomy":"category","embeddable":true,"href":"https:\/\/www.obispadorqta.org.ar\/v3\/wp-json\/wp\/v2\/categories?post=1317"},{"taxonomy":"post_tag","embeddable":true,"href":"https:\/\/www.obispadorqta.org.ar\/v3\/wp-json\/wp\/v2\/tags?post=1317"}],"curies":[{"name":"wp","href":"https:\/\/api.w.org\/{rel}","templated":true}]}}