{"id":1318,"date":"2017-03-10T13:33:02","date_gmt":"2017-03-10T13:33:02","guid":{"rendered":"http:\/\/www.obispadorqta.org.ar\/v3\/coelccccccc\/"},"modified":"2017-03-29T16:53:39","modified_gmt":"2017-03-29T16:53:39","slug":"coelccccccc","status":"publish","type":"post","link":"https:\/\/www.obispadorqta.org.ar\/v3\/coelccccccc\/","title":{"rendered":"COLECTA CUARESMAL DEL 1 %"},"content":{"rendered":"<div style=\"text-align: center;\"><img loading=\"lazy\" decoding=\"async\" src=\"https:\/\/scontent-eze1-1.xx.fbcdn.net\/v\/t1.0-9\/16602687_1900475516848098_9122317568269224915_n.jpg?oh=6a30fff464a15b1ba8c510f0cf0b4e17&amp;oe=5973346A\" width=\"284\" height=\"400\" border=\"0\" \/><\/div>\n<div><\/div>\n<h4 style=\"text-align: center;\">\u00abUN POCO DE MISERICORDIA CAMBIA AL MUNDO\u00bb<br \/>\n<span style=\"font-size: 12.16px; line-height: 1.3em;\">11 Y 12 DE MARZO DE 2017<\/span><\/h4>\n<div style=\"text-align: justify;\">La Iglesia Diocesana de Reconquista implementa desde hace 20 a\u00f1os esta colecta que consiste en PONER EN COM\u00daN al menos 1% de nuestros ingresos, para la realizaci\u00f3n de obras concretas, en beneficio de aquellos que m\u00e1s lo necesitan. Lo recaudado es destinado a proyectos familiares o comunitarios, administrativos y acompa\u00f1ados por C\u00e1ritas.<\/div>\n<div style=\"text-align: justify;\">Contamos con su compromiso y solidaridad de siempre para seguir ayudando entre todos a nuestros hermanos mas necesitados.<\/div>\n","protected":false},"excerpt":{"rendered":"<div class=\"mh-excerpt\"><p>\u00abUN POCO DE MISERICORDIA CAMBIA AL MUNDO\u00bb 11 Y 12 DE MARZO DE 2017 La Iglesia Diocesana de Reconquista implementa desde hace 20 a\u00f1os esta <a class=\"mh-excerpt-more\" href=\"https:\/\/www.obispadorqta.org.ar\/v3\/coelccccccc\/\" title=\"COLECTA CUARESMAL DEL 1 %\">[&#8230;]<\/a><\/p>\n<\/div>","protected":false},"author":1,"featured_media":1346,"comment_status":"open","ping_status":"open","sticky":false,"template":"","format":"standard","meta":{"footnotes":""},"categories":[28],"tags":[],"class_list":["post-1318","post","type-post","status-publish","format-standard","has-post-thumbnail","hentry","category-latest-news"],"_links":{"self":[{"href":"https:\/\/www.obispadorqta.org.ar\/v3\/wp-json\/wp\/v2\/posts\/1318","targetHints":{"allow":["GET"]}}],"collection":[{"href":"https:\/\/www.obispadorqta.org.ar\/v3\/wp-json\/wp\/v2\/posts"}],"about":[{"href":"https:\/\/www.obispadorqta.org.ar\/v3\/wp-json\/wp\/v2\/types\/post"}],"author":[{"embeddable":true,"href":"https:\/\/www.obispadorqta.org.ar\/v3\/wp-json\/wp\/v2\/users\/1"}],"replies":[{"embeddable":true,"href":"https:\/\/www.obispadorqta.org.ar\/v3\/wp-json\/wp\/v2\/comments?post=1318"}],"version-history":[{"count":1,"href":"https:\/\/www.obispadorqta.org.ar\/v3\/wp-json\/wp\/v2\/posts\/1318\/revisions"}],"predecessor-version":[{"id":1347,"href":"https:\/\/www.obispadorqta.org.ar\/v3\/wp-json\/wp\/v2\/posts\/1318\/revisions\/1347"}],"wp:featuredmedia":[{"embeddable":true,"href":"https:\/\/www.obispadorqta.org.ar\/v3\/wp-json\/wp\/v2\/media\/1346"}],"wp:attachment":[{"href":"https:\/\/www.obispadorqta.org.ar\/v3\/wp-json\/wp\/v2\/media?parent=1318"}],"wp:term":[{"taxonomy":"category","embeddable":true,"href":"https:\/\/www.obispadorqta.org.ar\/v3\/wp-json\/wp\/v2\/categories?post=1318"},{"taxonomy":"post_tag","embeddable":true,"href":"https:\/\/www.obispadorqta.org.ar\/v3\/wp-json\/wp\/v2\/tags?post=1318"}],"curies":[{"name":"wp","href":"https:\/\/api.w.org\/{rel}","templated":true}]}}