{"id":132,"date":"2009-08-13T19:40:43","date_gmt":"2009-08-13T19:40:43","guid":{"rendered":"http:\/\/www.obispadorqta.org.ar\/v3\/mons-martinez-juan-ruben\/"},"modified":"2009-08-13T19:40:43","modified_gmt":"2009-08-13T19:40:43","slug":"mons-martinez-juan-ruben","status":"publish","type":"post","link":"https:\/\/www.obispadorqta.org.ar\/v3\/mons-martinez-juan-ruben\/","title":{"rendered":"Mons. Mart\u00ednez, Juan Rub\u00e9n"},"content":{"rendered":"<p><a href=\"http:\/\/2.bp.blogspot.com\/_Dl5zl2Tn-es\/So2uPMs-ktI\/AAAAAAAAAC8\/Kefq4ut_ZV4\/s1600-h\/MARTINEZ.jpg\"><\/a> <\/p>\n<p style=\"margin-left: 0pt; margin-right: 0pt; text-align: justify\"><font color=\"#000000\"><span style=\"font-family: 'Tahoma'\"><font size=\"2\">N<\/font><\/span><span style=\"font-family: 'Tahoma'\"><font size=\"2\">aci\u00f3 <\/font><\/span><img loading=\"lazy\" decoding=\"async\" src=\"http:\/\/photos-h.ak.fbcdn.net\/hphotos-ak-ash3\/580125_283525088410656_100002595011706_564574_103250692_a.jpg\" border=\"0\" width=\"110\" height=\"163\" align=\"left\" \/><span style=\"font-family: 'Tahoma'\"><font size=\"2\">el 20 de enero de 1953 en Olivos Buenos Aires, donde residi\u00f3 durante toda su infancia; luego se traslad<\/font><\/span><span style=\"font-family: 'Tahoma'\"><font size=\"2\">\u00f3 con su familia a San Isidro. Estudi\u00f3 Abogac\u00eda en <\/font><\/span><span style=\"font-family: 'Tahoma'\"><font size=\"2\">la Univerdad<\/font><\/span><span style=\"font-family: 'Tahoma'\"><font size=\"2\"> de Buenos Aires. A los 22 a\u00f1os, ing<\/font><\/span><span style=\"font-family: 'Tahoma'\"><font size=\"2\">res\u00f3 al Seminario \u00abSan Agust\u00edn\u00bb de <\/font><\/span><span style=\"font-family: 'Tahoma'\"><font size=\"2\">la Di\u00f3cesis<\/font><\/span><span style=\"font-family: 'Tahoma'\"><font size=\"2\"> de San Isidro. Se gradu\u00f3 como Licenciado en Teolog\u00eda por <\/font><\/span><span style=\"font-family: 'Tahoma'\"><font size=\"2\">la Pontificia Universidad<\/font><\/span><span style=\"font-family: 'Tahoma'\"><font size=\"2\"> Cat\u00f3lica \u00abSanta Mar\u00eda de Los Buenos Aires\u00bb. Fue ordenado Presb\u00edtero el 22 de diciembre de 1979. En su primer destino Pastoral fue Vicario Parroquial en <\/font><\/span><span style=\"font-family: 'Tahoma'\"><font size=\"2\">la Catedral<\/font><\/span><span style=\"font-family: 'Tahoma'\"><font size=\"2\"> de San Isidro. Fue Miembro de <\/font><\/span><span style=\"font-family: 'Tahoma'\"><font size=\"2\">la Junta Diocesana<\/font><\/span><span style=\"font-family: 'Tahoma'\"><font size=\"2\"> de Catequesis, Director de <\/font><\/span><span style=\"font-family: 'Tahoma'\"><font size=\"2\">la Escuela<\/font><\/span><span style=\"font-family: 'Tahoma'\"><font size=\"2\"> de Catequesis, Asesor de <\/font><\/span><span style=\"font-family: 'Tahoma'\"><font size=\"2\">la Pastoral Vocacional<\/font><\/span><span style=\"font-family: 'Tahoma'\"><font size=\"2\"> Diocesana, Formador, Director Esp\u00edritual y Vicerrector en el Seminario. En el A\u00f1o 1985, junto con otros Sacerdotes, fund\u00f3 el Seminario Interdiocesano \u00ab<\/font><\/span><span style=\"font-family: 'Tahoma'\"><font size=\"2\">La Encarnaci\u00f3n<\/font><\/span><span style=\"font-family: 'Tahoma'\"><font size=\"2\">\u00bb del N.E.A. en Resistencia, Chaco. A la vez que se desempe\u00f1\u00f3 como Rector en los inicios de dicho Seminario. Fue Prefecto de Estudios, Profesor de Antropolog\u00eda Teol\u00f3gica y Vicepresidente de <\/font><\/span><span style=\"font-family: 'Tahoma'\"><font size=\"2\">la O.S<\/font><\/span><span style=\"font-family: 'Tahoma'\"><font size=\"2\">.A.R.<\/font><\/span><span style=\"font-family: 'Tahoma'\"><font size=\"2\"> En <\/font><\/span><span style=\"font-family: 'Tahoma'\"><font size=\"2\">la Arquidi\u00f3cesis<\/font><\/span><span style=\"font-family: 'Tahoma'\"><font size=\"2\"> de Resistencia, fue, al mismo tiempo, Vicario de <\/font><\/span><span style=\"font-family: 'Tahoma'\"><font size=\"2\">la Parroquia<\/font><\/span><span style=\"font-family: 'Tahoma'\"><font size=\"2\"> de Charadai-Barber\u00e1n, Asesor de <\/font><\/span><span style=\"font-family: 'Tahoma'\"><font size=\"2\">la Pastoral Diocesana<\/font><\/span><span style=\"font-family: 'Tahoma'\"><font size=\"2\"> de Juventud y Miembro del Consejo de Presbiterio de <\/font><\/span><span style=\"font-family: 'Tahoma'\"><font size=\"2\">la Arquidi\u00f3cesis.<\/font><\/span><\/font><\/p>\n<p style=\"margin-left: 0pt; margin-right: 0pt; text-align: justify\"><font color=\"#000000\"><span style=\"font-family: 'Tahoma'\"><font size=\"2\">El 12 de febrero de 1994, el Papa Juan Pablo II, lo nombr\u00f3 Obispo de Reconquista. Su Ordenaci\u00f3n Episco<\/font><\/span><span style=\"font-family: 'Tahoma'\"><font size=\"2\">pal fue el 19 de ma<\/font><\/span><span style=\"font-family: 'Tahoma'\"><font size=\"2\">rzo de 1994 en <\/font><\/span><span style=\"font-family: 'Tahoma'\"><font size=\"2\">la Iglesia Catedral<\/font><\/span><span style=\"font-family: 'Tahoma'\"><font size=\"2\"> de Reconquista. Su Lema fue \u00ab<\/font><\/span><span style=\"font-family: 'Tahoma'\"><em><font size=\"2\">Predicamos a un Cristo Crucificado<\/font><\/em><\/span><span style=\"font-family: 'Tahoma'\"><font size=\"2\">\u00ab. Como Obispo fue encargado del organismo \u00abJ\u00f3venes\u00bb del N.E.A., Secretario de los Obispos del N.E.A., Miembro de <\/font><\/span><span style=\"font-family: 'Tahoma'\"><font size=\"2\">la Comisi\u00f3n<\/font><\/span><span style=\"font-family: 'Tahoma'\"><font size=\"2\"> de Comunicaci\u00f3n Social de <\/font><\/span><span style=\"font-family: 'Tahoma'\"><font size=\"2\">la C.E<\/font><\/span><span style=\"font-family: 'Tahoma'\"><font size=\"2\">.A., Miembro de <\/font><\/span><span style=\"font-family: 'Tahoma'\"><font size=\"2\">la Comisi\u00f3n Episcopal<\/font><\/span><span style=\"font-family: 'Tahoma'\"><font size=\"2\"> de Ministerios, Miembro de <\/font><\/span><span style=\"font-family: 'Tahoma'\"><font size=\"2\">la Comisi\u00f3n Episcopal<\/font><\/span><span style=\"font-family: 'Tahoma'\"><font size=\"2\"> de Misiones. El 25 de noviembre del 2000 el Papa Juan Pablo II lo nombr\u00f3 Obispo Diocesano de Posadas, Misiones. Tom\u00f3 Posesi\u00f3n el 10 de marzo del 2001. Actualmente es Delegado de los Obispos del NEA. <\/font><\/span><\/font><\/p>\n<p style=\"margin-left: 0pt; margin-right: 0pt\"><u><font color=\"#000000\"><span style=\"font-family: 'Tahoma'\"><strong><font size=\"2\">Significado del Escudo Episcopal<\/font><\/strong><\/span><\/font><\/u><\/p>\n<p style=\"margin-left: 0pt; margin-right: 0pt\"><font color=\"#000000\"><img loading=\"lazy\" decoding=\"async\" src=\"http:\/\/docs.google.com\/File?id=dgv82st9_106t9rc9tdm_b\" border=\"0\" alt=\"Ver escudo grande\" width=\"81\" height=\"108\" align=\"left\" \/><span style=\"font-family: 'Tahoma'\"><font size=\"2\">El fondo<\/font><\/span><span style=\"font-family: 'Tahoma'\"><font size=\"2\"> verde del escudo grande verde del escudo expresa la esperanza en Jesucristo, el Buen Pastor que <\/font><\/span><span style=\"font-family: 'Tahoma'\"><font size=\"2\">nos condu<\/font><\/span><span style=\"font-family: 'Tahoma'\"><font size=\"2\">ce a las praderas eternas. El verde es el color de nuestros campos y montes. Para nuestra gente ese color siempre es signo de vida. Tambi\u00e9n el verde expresa la cotidianidad, lo com\u00fan de la vida, all\u00ed donde se resuelve el camino de santidad del hombre.<br \/>Sobre la cruz de oro, est\u00e1 marcada la cruz de la Nueva Evangelizaci\u00f3n, ocupando el centro como pieza principal.<br \/>En la parte superior derecha hay una estrella de plata, que hace presente a nuestra Madre la Virgen, Estrella de la Evangelizaci\u00f3n.<br \/>Lo que renueva todas las cosas y sobre todo el coraz\u00f3n del hombre y su cotidianidad es el anuncio que expresa el lema: \u00abPredicamos a Cristo crucificado\u00bb. <\/font><\/span><\/font><\/p>\n","protected":false},"excerpt":{"rendered":"<div class=\"mh-excerpt\"><p>Naci\u00f3 el 20 de enero de 1953 en Olivos Buenos Aires, donde residi\u00f3 durante toda su infancia; luego se traslad\u00f3 con su familia a San <a class=\"mh-excerpt-more\" href=\"https:\/\/www.obispadorqta.org.ar\/v3\/mons-martinez-juan-ruben\/\" title=\"Mons. Mart\u00ednez, Juan Rub\u00e9n\">[&#8230;]<\/a><\/p>\n<\/div>","protected":false},"author":1,"featured_media":0,"comment_status":"open","ping_status":"open","sticky":false,"template":"","format":"standard","meta":{"footnotes":""},"categories":[57],"tags":[],"class_list":["post-132","post","type-post","status-publish","format-standard","hentry","category-obispos-anteriores"],"_links":{"self":[{"href":"https:\/\/www.obispadorqta.org.ar\/v3\/wp-json\/wp\/v2\/posts\/132","targetHints":{"allow":["GET"]}}],"collection":[{"href":"https:\/\/www.obispadorqta.org.ar\/v3\/wp-json\/wp\/v2\/posts"}],"about":[{"href":"https:\/\/www.obispadorqta.org.ar\/v3\/wp-json\/wp\/v2\/types\/post"}],"author":[{"embeddable":true,"href":"https:\/\/www.obispadorqta.org.ar\/v3\/wp-json\/wp\/v2\/users\/1"}],"replies":[{"embeddable":true,"href":"https:\/\/www.obispadorqta.org.ar\/v3\/wp-json\/wp\/v2\/comments?post=132"}],"version-history":[{"count":0,"href":"https:\/\/www.obispadorqta.org.ar\/v3\/wp-json\/wp\/v2\/posts\/132\/revisions"}],"wp:attachment":[{"href":"https:\/\/www.obispadorqta.org.ar\/v3\/wp-json\/wp\/v2\/media?parent=132"}],"wp:term":[{"taxonomy":"category","embeddable":true,"href":"https:\/\/www.obispadorqta.org.ar\/v3\/wp-json\/wp\/v2\/categories?post=132"},{"taxonomy":"post_tag","embeddable":true,"href":"https:\/\/www.obispadorqta.org.ar\/v3\/wp-json\/wp\/v2\/tags?post=132"}],"curies":[{"name":"wp","href":"https:\/\/api.w.org\/{rel}","templated":true}]}}