{"id":1320,"date":"2017-03-15T12:18:35","date_gmt":"2017-03-15T12:18:35","guid":{"rendered":"http:\/\/www.obispadorqta.org.ar\/v3\/ordenacion-sacerdotal-4\/"},"modified":"2017-03-29T16:49:08","modified_gmt":"2017-03-29T16:49:08","slug":"ordenacion-sacerdotal-4","status":"publish","type":"post","link":"https:\/\/www.obispadorqta.org.ar\/v3\/ordenacion-sacerdotal-4\/","title":{"rendered":"Ordenaci\u00f3n Sacerdotal"},"content":{"rendered":"<div style=\"text-align: center;\"><img loading=\"lazy\" decoding=\"async\" src=\"https:\/\/scontent-eze1-1.xx.fbcdn.net\/v\/t1.0-9\/17103687_166454687203582_8361478184842072347_n.jpg?oh=6496dd5978c1e9c1969798047761c503&amp;oe=592689E8\" width=\"455\" height=\"356\" border=\"0\" \/><\/div>\n<div style=\"text-align: center;\"><\/div>\n<div style=\"text-align: justify;\"><\/div>\n<div style=\"text-align: justify;\">Despu\u00e9s de la celebraci\u00f3n habr\u00e1 un compartir fraterno en el patio de la Catedral.<\/div>\n<div style=\"text-align: justify;\"><\/div>\n<div style=\"text-align: justify;\">La primera Misa ser\u00e1 el lunes 20 a las 20.15 en la Catedral.<\/div>\n<div style=\"text-align: justify;\"><\/div>\n<div style=\"text-align: justify;\">Invitamos a toda la comunidad a asistir a este acontecimiento que nos llena de gozo y alegr\u00eda, y por sobre todo de agradecimiento por este nuevo sacerdote en nuestra Di\u00f3cesis de Reconquista.<\/div>\n","protected":false},"excerpt":{"rendered":"<div class=\"mh-excerpt\"><div style=\"text-align: center\"><img loading=\"lazy\" decoding=\"async\" src=\"https:\/\/scontent-eze1-1.xx.fbcdn.net\/v\/t1.0-9\/17103687_166454687203582_8361478184842072347_n.jpg?oh=6496dd5978c1e9c1969798047761c503&#038;oe=592689E8\" border=\"0\" width=\"455\" height=\"356\" \/><\/div>\n<div style=\"text-align: center\">\u00a0<\/div>\n<div style=\"text-align: justify\">\n<\/div>","protected":false},"author":1,"featured_media":1342,"comment_status":"open","ping_status":"open","sticky":false,"template":"","format":"standard","meta":{"footnotes":""},"categories":[28],"tags":[],"class_list":["post-1320","post","type-post","status-publish","format-standard","has-post-thumbnail","hentry","category-latest-news"],"_links":{"self":[{"href":"https:\/\/www.obispadorqta.org.ar\/v3\/wp-json\/wp\/v2\/posts\/1320","targetHints":{"allow":["GET"]}}],"collection":[{"href":"https:\/\/www.obispadorqta.org.ar\/v3\/wp-json\/wp\/v2\/posts"}],"about":[{"href":"https:\/\/www.obispadorqta.org.ar\/v3\/wp-json\/wp\/v2\/types\/post"}],"author":[{"embeddable":true,"href":"https:\/\/www.obispadorqta.org.ar\/v3\/wp-json\/wp\/v2\/users\/1"}],"replies":[{"embeddable":true,"href":"https:\/\/www.obispadorqta.org.ar\/v3\/wp-json\/wp\/v2\/comments?post=1320"}],"version-history":[{"count":1,"href":"https:\/\/www.obispadorqta.org.ar\/v3\/wp-json\/wp\/v2\/posts\/1320\/revisions"}],"predecessor-version":[{"id":1343,"href":"https:\/\/www.obispadorqta.org.ar\/v3\/wp-json\/wp\/v2\/posts\/1320\/revisions\/1343"}],"wp:featuredmedia":[{"embeddable":true,"href":"https:\/\/www.obispadorqta.org.ar\/v3\/wp-json\/wp\/v2\/media\/1342"}],"wp:attachment":[{"href":"https:\/\/www.obispadorqta.org.ar\/v3\/wp-json\/wp\/v2\/media?parent=1320"}],"wp:term":[{"taxonomy":"category","embeddable":true,"href":"https:\/\/www.obispadorqta.org.ar\/v3\/wp-json\/wp\/v2\/categories?post=1320"},{"taxonomy":"post_tag","embeddable":true,"href":"https:\/\/www.obispadorqta.org.ar\/v3\/wp-json\/wp\/v2\/tags?post=1320"}],"curies":[{"name":"wp","href":"https:\/\/api.w.org\/{rel}","templated":true}]}}