{"id":1321,"date":"2017-03-15T12:28:34","date_gmt":"2017-03-15T12:28:34","guid":{"rendered":"http:\/\/www.obispadorqta.org.ar\/v3\/vicarioparroquial\/"},"modified":"2017-04-13T11:51:06","modified_gmt":"2017-04-13T11:51:06","slug":"vicarioparroquial","status":"publish","type":"post","link":"https:\/\/www.obispadorqta.org.ar\/v3\/vicarioparroquial\/","title":{"rendered":"Nuevo Vicario Parroquial"},"content":{"rendered":"<p style=\"text-align: center;\"><img loading=\"lazy\" decoding=\"async\" src=\"https:\/\/scontent-eze1-1.xx.fbcdn.net\/v\/t1.0-9\/14088678_10202351980758166_2021695772554520292_n.jpg?oh=e965be1d876022b0e8c4dcac569c34b2&amp;oe=595F340A\" width=\"248\" height=\"251\" border=\"0\" \/><\/p>\n<p style=\"text-align: justify;\">El d\u00eda domingo 19 de marzo, v\u00edspera de solemnidad de San Jos\u00e9, a las 10 hs en el templo parroquial de la parroquia \u00abSan Jos\u00e9\u00bb de Reconquista se llevar\u00e1 a cabo la toma de posesi\u00f3n del nuevo vicario parroquial Pbro. Guillermo Gustavo Puente P.S.D.P.<\/p>\n<p style=\"text-align: justify;\"><span style=\"font-size: 12.16px; line-height: 1.3em;\">La celebraci\u00f3n de la Santa Misa ser\u00e1 presidida por el Obispo Diocesano, Mons. Dr. \u00c1ngel Jos\u00e9 Mac\u00edn en donde el Padre Guillermo Puente realizar\u00e1 su profesi\u00f3n de fe y juramento de fidelidad al oficio encomendado.<\/span><\/p>\n<p style=\"text-align: justify;\">Nos unimos en las oraciones y acompa\u00f1amos al Padre Guillermo por los frutos de esta tarea que se le a encomendado en nuestra Di\u00f3cesis de Reconqusita.<\/p>\n","protected":false},"excerpt":{"rendered":"<div class=\"mh-excerpt\"><p>El d\u00eda domingo 19 de marzo, v\u00edspera de solemnidad de San Jos\u00e9, a las 10 hs en el templo parroquial de la parroquia \u00abSan Jos\u00e9\u00bb <a class=\"mh-excerpt-more\" href=\"https:\/\/www.obispadorqta.org.ar\/v3\/vicarioparroquial\/\" title=\"Nuevo Vicario Parroquial\">[&#8230;]<\/a><\/p>\n<\/div>","protected":false},"author":1,"featured_media":1340,"comment_status":"closed","ping_status":"open","sticky":false,"template":"","format":"standard","meta":{"footnotes":""},"categories":[28],"tags":[],"class_list":["post-1321","post","type-post","status-publish","format-standard","has-post-thumbnail","hentry","category-latest-news"],"_links":{"self":[{"href":"https:\/\/www.obispadorqta.org.ar\/v3\/wp-json\/wp\/v2\/posts\/1321","targetHints":{"allow":["GET"]}}],"collection":[{"href":"https:\/\/www.obispadorqta.org.ar\/v3\/wp-json\/wp\/v2\/posts"}],"about":[{"href":"https:\/\/www.obispadorqta.org.ar\/v3\/wp-json\/wp\/v2\/types\/post"}],"author":[{"embeddable":true,"href":"https:\/\/www.obispadorqta.org.ar\/v3\/wp-json\/wp\/v2\/users\/1"}],"replies":[{"embeddable":true,"href":"https:\/\/www.obispadorqta.org.ar\/v3\/wp-json\/wp\/v2\/comments?post=1321"}],"version-history":[{"count":1,"href":"https:\/\/www.obispadorqta.org.ar\/v3\/wp-json\/wp\/v2\/posts\/1321\/revisions"}],"predecessor-version":[{"id":1341,"href":"https:\/\/www.obispadorqta.org.ar\/v3\/wp-json\/wp\/v2\/posts\/1321\/revisions\/1341"}],"wp:featuredmedia":[{"embeddable":true,"href":"https:\/\/www.obispadorqta.org.ar\/v3\/wp-json\/wp\/v2\/media\/1340"}],"wp:attachment":[{"href":"https:\/\/www.obispadorqta.org.ar\/v3\/wp-json\/wp\/v2\/media?parent=1321"}],"wp:term":[{"taxonomy":"category","embeddable":true,"href":"https:\/\/www.obispadorqta.org.ar\/v3\/wp-json\/wp\/v2\/categories?post=1321"},{"taxonomy":"post_tag","embeddable":true,"href":"https:\/\/www.obispadorqta.org.ar\/v3\/wp-json\/wp\/v2\/tags?post=1321"}],"curies":[{"name":"wp","href":"https:\/\/api.w.org\/{rel}","templated":true}]}}