{"id":1322,"date":"2017-03-22T14:28:03","date_gmt":"2017-03-22T14:28:03","guid":{"rendered":"http:\/\/www.obispadorqta.org.ar\/v3\/parrocoyvicario\/"},"modified":"2017-04-13T11:51:00","modified_gmt":"2017-04-13T11:51:00","slug":"parrocoyvicario","status":"publish","type":"post","link":"https:\/\/www.obispadorqta.org.ar\/v3\/parrocoyvicario\/","title":{"rendered":"Nuevo P\u00e1rroco y Vicario Parroquial"},"content":{"rendered":"<div style=\"text-align: center;\">\u00a0<img loading=\"lazy\" decoding=\"async\" src=\"https:\/\/scontent-eze1-1.xx.fbcdn.net\/v\/t1.0-0\/p206x206\/17425018_1276527515777070_2376330497714502187_n.jpg?oh=62891d14c83194cfee3470033bef6e7a&amp;oe=5952B17F\" width=\"206\" height=\"358\" border=\"0\" \/><\/div>\n<div style=\"text-align: justify;\">El d\u00eda s\u00e1bado 25 de marzo, en la ciudad de Las Toscas, parroquia \u00abNuestra Se\u00f1ora de la Asunci\u00f3n\u00bb, estar\u00e1n asumiendo sus nuevos oficios el Pbro. Fray Juan Antonio Ch\u00e1ves Ramos como P\u00e1rroco y el Pbro. Fray Aldo Alfonso Quelin Guinao como Vicario Parroquial.<\/div>\n<div style=\"text-align: justify;\"><\/div>\n<div style=\"text-align: justify;\">La celebraci\u00f3n ser\u00e1 presidida por nuestro Obispo Diocesano, Mons. Dr. \u00c1ngel Jos\u00e9 Mac\u00edn y ser\u00e1 a las 20 horas en el templo parroquial.<\/div>\n<div style=\"text-align: justify;\"><\/div>\n<div style=\"text-align: justify;\"><span style=\"font-size: 12.16px; line-height: 1.3em;\">Los invitamos a todos a participar de este acontecimiento diocesano.\u00a0<\/span><\/div>\n","protected":false},"excerpt":{"rendered":"<div class=\"mh-excerpt\"><p>\u00a0 El d\u00eda s\u00e1bado 25 de marzo, en la ciudad de Las Toscas, parroquia \u00abNuestra Se\u00f1ora de la Asunci\u00f3n\u00bb, estar\u00e1n asumiendo sus nuevos oficios el <a class=\"mh-excerpt-more\" href=\"https:\/\/www.obispadorqta.org.ar\/v3\/parrocoyvicario\/\" title=\"Nuevo P\u00e1rroco y Vicario Parroquial\">[&#8230;]<\/a><\/p>\n<\/div>","protected":false},"author":1,"featured_media":0,"comment_status":"closed","ping_status":"open","sticky":false,"template":"","format":"standard","meta":{"footnotes":""},"categories":[28],"tags":[],"class_list":["post-1322","post","type-post","status-publish","format-standard","hentry","category-latest-news"],"_links":{"self":[{"href":"https:\/\/www.obispadorqta.org.ar\/v3\/wp-json\/wp\/v2\/posts\/1322","targetHints":{"allow":["GET"]}}],"collection":[{"href":"https:\/\/www.obispadorqta.org.ar\/v3\/wp-json\/wp\/v2\/posts"}],"about":[{"href":"https:\/\/www.obispadorqta.org.ar\/v3\/wp-json\/wp\/v2\/types\/post"}],"author":[{"embeddable":true,"href":"https:\/\/www.obispadorqta.org.ar\/v3\/wp-json\/wp\/v2\/users\/1"}],"replies":[{"embeddable":true,"href":"https:\/\/www.obispadorqta.org.ar\/v3\/wp-json\/wp\/v2\/comments?post=1322"}],"version-history":[{"count":1,"href":"https:\/\/www.obispadorqta.org.ar\/v3\/wp-json\/wp\/v2\/posts\/1322\/revisions"}],"predecessor-version":[{"id":1339,"href":"https:\/\/www.obispadorqta.org.ar\/v3\/wp-json\/wp\/v2\/posts\/1322\/revisions\/1339"}],"wp:attachment":[{"href":"https:\/\/www.obispadorqta.org.ar\/v3\/wp-json\/wp\/v2\/media?parent=1322"}],"wp:term":[{"taxonomy":"category","embeddable":true,"href":"https:\/\/www.obispadorqta.org.ar\/v3\/wp-json\/wp\/v2\/categories?post=1322"},{"taxonomy":"post_tag","embeddable":true,"href":"https:\/\/www.obispadorqta.org.ar\/v3\/wp-json\/wp\/v2\/tags?post=1322"}],"curies":[{"name":"wp","href":"https:\/\/api.w.org\/{rel}","templated":true}]}}