{"id":1324,"date":"2017-03-29T14:51:26","date_gmt":"2017-03-29T14:51:26","guid":{"rendered":"http:\/\/www.obispadorqta.org.ar\/v3\/ssss\/"},"modified":"2017-04-13T11:49:56","modified_gmt":"2017-04-13T11:49:56","slug":"ssss","status":"publish","type":"post","link":"https:\/\/www.obispadorqta.org.ar\/v3\/ssss\/","title":{"rendered":"Ordenaci\u00f3n Diaconal"},"content":{"rendered":"<div style=\"text-align: center;\"><img loading=\"lazy\" decoding=\"async\" src=\"https:\/\/scontent-eze1-1.xx.fbcdn.net\/v\/t1.0-9\/17553623_1282727511823737_8965477223914423615_n.jpg?oh=a99b10015a0a83bbd4c9300ad2b63767&amp;oe=595C9FCA\" width=\"177\" height=\"296\" border=\"0\" \/><\/div>\n<div><\/div>\n<div style=\"text-align: justify;\">Con alegr\u00eda invitamos a todos a la celebraci\u00f3n donde el Ac\u00f3lito Adri\u00e1n Eduardo Fun ser\u00e1 ordenado Di\u00e1cono por nuestro Obispo Diocesano, Mons. Dr. \u00c1ngel jos\u00e9 Mac\u00edn.<\/div>\n<div style=\"text-align: justify;\"><\/div>\n<div style=\"text-align: justify;\">Dicho acontecimiento se llevar\u00e1 a cabo en la parroquia \u00abSan Juan Bautista\u00bb de la ciudad de Vera, el d\u00eda 07 de mayo a las 18 hs.<\/div>\n<div style=\"text-align: justify;\"><\/div>\n<div style=\"text-align: justify;\">Compartimos este momento de gozo y alegr\u00eda por este nuevo di\u00e1cono en nuestra di\u00f3cesis y nos unimos en oraci\u00f3n por los frutos del ministerio de Adri\u00e1n.<\/div>\n<div style=\"text-align: justify;\"><\/div>\n","protected":false},"excerpt":{"rendered":"<div class=\"mh-excerpt\"><p>Con alegr\u00eda invitamos a todos a la celebraci\u00f3n donde el Ac\u00f3lito Adri\u00e1n Eduardo Fun ser\u00e1 ordenado Di\u00e1cono por nuestro Obispo Diocesano, Mons. Dr. \u00c1ngel jos\u00e9 <a class=\"mh-excerpt-more\" href=\"https:\/\/www.obispadorqta.org.ar\/v3\/ssss\/\" title=\"Ordenaci\u00f3n Diaconal\">[&#8230;]<\/a><\/p>\n<\/div>","protected":false},"author":1,"featured_media":1327,"comment_status":"closed","ping_status":"closed","sticky":false,"template":"","format":"standard","meta":{"footnotes":""},"categories":[28],"tags":[],"class_list":["post-1324","post","type-post","status-publish","format-standard","has-post-thumbnail","hentry","category-latest-news"],"_links":{"self":[{"href":"https:\/\/www.obispadorqta.org.ar\/v3\/wp-json\/wp\/v2\/posts\/1324","targetHints":{"allow":["GET"]}}],"collection":[{"href":"https:\/\/www.obispadorqta.org.ar\/v3\/wp-json\/wp\/v2\/posts"}],"about":[{"href":"https:\/\/www.obispadorqta.org.ar\/v3\/wp-json\/wp\/v2\/types\/post"}],"author":[{"embeddable":true,"href":"https:\/\/www.obispadorqta.org.ar\/v3\/wp-json\/wp\/v2\/users\/1"}],"replies":[{"embeddable":true,"href":"https:\/\/www.obispadorqta.org.ar\/v3\/wp-json\/wp\/v2\/comments?post=1324"}],"version-history":[{"count":2,"href":"https:\/\/www.obispadorqta.org.ar\/v3\/wp-json\/wp\/v2\/posts\/1324\/revisions"}],"predecessor-version":[{"id":1328,"href":"https:\/\/www.obispadorqta.org.ar\/v3\/wp-json\/wp\/v2\/posts\/1324\/revisions\/1328"}],"wp:featuredmedia":[{"embeddable":true,"href":"https:\/\/www.obispadorqta.org.ar\/v3\/wp-json\/wp\/v2\/media\/1327"}],"wp:attachment":[{"href":"https:\/\/www.obispadorqta.org.ar\/v3\/wp-json\/wp\/v2\/media?parent=1324"}],"wp:term":[{"taxonomy":"category","embeddable":true,"href":"https:\/\/www.obispadorqta.org.ar\/v3\/wp-json\/wp\/v2\/categories?post=1324"},{"taxonomy":"post_tag","embeddable":true,"href":"https:\/\/www.obispadorqta.org.ar\/v3\/wp-json\/wp\/v2\/tags?post=1324"}],"curies":[{"name":"wp","href":"https:\/\/api.w.org\/{rel}","templated":true}]}}