{"id":133,"date":"2009-08-13T19:41:19","date_gmt":"2009-08-13T19:41:19","guid":{"rendered":"http:\/\/www.obispadorqta.org.ar\/v3\/mons-stanovnik-andres-ofm-cap\/"},"modified":"2009-08-13T19:41:19","modified_gmt":"2009-08-13T19:41:19","slug":"mons-stanovnik-andres-ofm-cap","status":"publish","type":"post","link":"https:\/\/www.obispadorqta.org.ar\/v3\/mons-stanovnik-andres-ofm-cap\/","title":{"rendered":"Mons. Stanovnik, Andr\u00e9s OFM Cap"},"content":{"rendered":"<p><span style=\"font-family: 'Tahoma'\"><font size=\"2\"> <\/font><\/span><\/p>\n<p align=\"justify\"><span style=\"font-family: 'Tahoma'\"><font size=\"2\"> <\/font><\/span><span style=\"font-family: 'Tahoma'\"><font size=\"2\"> <\/font><\/span><\/p>\n<p style=\"margin-left: 0pt; margin-right: 0pt\" align=\"justify\"><span style=\"font-family: 'Tahoma'\"><font size=\"2\"> <a href=\"http:\/\/1.bp.blogspot.com\/_Dl5zl2Tn-es\/So6t-r1-7fI\/AAAAAAAAADk\/2qZlQVDiW3Y\/s1600-h\/Mons.+Andr\u00c3\u00a9s+2.jpg\"><img loading=\"lazy\" decoding=\"async\" src=\"http:\/\/1.bp.blogspot.com\/_Dl5zl2Tn-es\/So6t-r1-7fI\/AAAAAAAAADk\/2qZlQVDiW3Y\/s200\/Mons.+Andr%C3%A9s+2.jpg\" border=\"0\" width=\"113\" height=\"146\" align=\"left\" \/><\/a><\/font><\/span><\/p>\n<p style=\"margin-left: 0pt; margin-right: 0pt\" align=\"justify\"><font color=\"#000000\">Naci\u00f3 en Buenos Aires el 15 de diciembre de 1949, en un hogar de inmigrantes eslovenos. Tras cursar sus estudio<br \/>s primarios y secundarios realiz\u00f3 los estudios de Filosof\u00eda y Teolog\u00eda en la Universidad del Salvador en Buenos Aires. Terminados los mismos, hizo &#8216;Tahoma'\u00bb&gt;la Profesi\u00f3n Perpetua en la Orden Franciscana de Frailes Menores Capuchinos el 16 de julio de 1978. El 02 de septiembre de ese mismo a\u00f1o fue ordenado Presb\u00edtero en el Santuario Porte\u00f1o \u00abNuestra Se\u00f1ora del Rosario de Nueva Pompeya\u00bb por Mons. Sixto Jos\u00e9 Parzinger OFM Cap. Obispo Titular de Guaguari y Vicario Apost\u00f3lico de Araucan\u00eda, con sede en Villarrica, Chile.<\/font><\/p>\n<p style=\"margin-left: 0pt; margin-right: 0pt\" align=\"justify\"><font color=\"#000000\">En la Orden Capuchina ocup\u00f3 varios cargos: Maestro de Novicios en los a\u00f1os 1979 \u00e1 1981 y desde 1982 \u00e1 1988, Director Nacional de Movimiento Juvenil Franciscano. Desde 1981 \u00e1 1986 fue designado Definidor Provincial de la Orden; y de 1987 \u00e1 1992 Vicario Provincial. Mientras cumpl\u00eda con estas responsabilidades de orden nacional, durante los a\u00f1os 1989 \u00e1 1992, fue Superior Local y Cura P\u00e1rroco de la Parroquia \u00abNuestra Se\u00f1ora del Carmen\u00bb en La Cumbre, C\u00f3rdoba; y luego en \u00abNuestra Se\u00f1ora de Pompeya\u00bb en Mar del Plata. En 1992 fue enviado a Roma para estudiar Teolog\u00eda Espiritual en el Pontificio \u00abAteneo Antoniano\u00bb, estudio que tuvo que suspender para hacerse cargo de mayores responsabilidades en el gobierno de la Orden. Finalmente en 1994, el Cap\u00edtulo General lo eligi\u00f3 Definidor General de la Orden Capuchina.<\/p>\n<p>El 30 de octubre de 2001, El Papa Juan Pablo II lo nombr\u00f3 Obispo Diocesano para la Di\u00f3cesis de Reconquista.<\/p>\n<p>El 16 de diciembre de 2001 fue ordenado Obispo y asumi\u00f3 la conducci\u00f3n y gu\u00eda pastoral de la Di\u00f3cesis en la Iglesia Catedral de Reconquista. Eligi\u00f3 como lema para su ministerio episcopal la frase evang\u00e9lica \u00abHagan lo que \u00c9l les diga\u00bb. <\/font><\/p>\n<p style=\"margin-left: 0pt; margin-right: 0pt\" align=\"justify\"><font color=\"#000000\">\u00a0<\/font><\/p>\n<p style=\"margin-left: 0pt; margin-right: 0pt\" align=\"justify\"><font color=\"#000000\"><span style=\"font-family: 'Tahoma'\"><strong><font size=\"2\">Significado del Escudo Episcopal<\/font><\/strong><\/span><\/font><\/p>\n<p style=\"margin-left: 0pt; margin-right: 0pt\" align=\"justify\"><font color=\"#000000\"><img loading=\"lazy\" decoding=\"async\" src=\"http:\/\/docs.google.com\/File?id=dgv82st9_104gg9qmsdj_b\" border=\"0\" alt=\"Ver escudo grande\" width=\"72\" height=\"96\" align=\"left\" \/><span style=\"font-family: 'Tahoma'\"><font size=\"2\">En el <\/font><\/span><span style=\"font-family: 'Tahoma'\"><font size=\"2\">centro se delinean los trazos de un icono Bizantino en forma de cruz, en cuyo original se destaca la figura del Cristo Glorioso con las se\u00f1ales de la pasi\u00f3n en su cuerpo y, a su costado, aparecen <\/font><\/span><span style=\"font-family: 'Tahoma'\"><font size=\"2\">resaltadas las figuras de Mar\u00eda, <\/font><\/span><span style=\"font-family: 'Tahoma'\"><font size=\"2\">la Madre<\/font><\/span><span style=\"font-family: 'Tahoma'\"><font size=\"2\"> de Jes\u00fas y la de San Juan Evangelista. Sobre una bandera flotante se rec<\/font><\/span><span style=\"font-family: 'Tahoma'\"><font size=\"2\">oge la frase de Mar\u00eda en las Bodas de Can\u00e1 del Evangelio de San Juan: \u00abHagan lo que \u00c9l les diga\u00bb (Jn. 2,5). El escudo est\u00e1 marcado por la cruz episcopal en oro.<\/font><\/span><\/font><\/p>\n<p style=\"margin-left: 0pt; margin-right: 0pt\" align=\"justify\"><font color=\"#000000\"><span style=\"font-family: 'Tahoma'\"><font size=\"2\">La centralidad del icono de Cristo revela qui\u00e9n es Aquel a quien debemos reconocer, acoger y hacer lo que \u00c9l nos diga. La frase del lema, muestra a <\/font><\/span><span style=\"font-family: 'Tahoma'\"><font size=\"2\">la Virgen<\/font><\/span><span style=\"font-family: 'Tahoma'\"><font size=\"2\"> como mujer atenta, discreta y eficaz, preparando e indicando el camino que nos conduce al encuentro con Cristo. Esa actitud ejemplar y contemplativa de Mar\u00eda nos sugiere c\u00f3mo debemos estar atentos y seguir las indicaciones de Cristo para responder con fidelidad a nuestra misi\u00f3n.<\/font><\/span><\/font><\/p>\n<p style=\"margin-left: 0pt; margin-right: 0pt\" align=\"justify\"><font color=\"#000000\"><span style=\"font-family: 'Tahoma'\"><font size=\"2\">Ante este icono, conocido como el Cristo de San Dami\u00e1n, Francisco de As\u00eds en ferviente oraci\u00f3n, sinti\u00f3 la siguiente invitaci\u00f3n: \u00abFrancisco, \u00bfno ves que mi casa se derrumba? Anda, pues, y rep\u00e1rala\u00bb. Este fue el inicio de un gran amor de Francisco de As\u00eds por <\/font><\/span><span style=\"font-family: 'Tahoma'\"><font size=\"2\">la Iglesia<\/font><\/span><span style=\"font-family: 'Tahoma'\"><font size=\"2\"> y por los que en ella m\u00e1s sufren. La vocaci\u00f3n cristiana y cat\u00f3lica de Francisco fue madurando en su profunda identificaci\u00f3n con el crucificado. Hizo en su vida lo que \u00c9l le dijo.<\/font><\/span><\/font><\/p>\n<p style=\"margin-left: 0pt; margin-right: 0pt\" align=\"justify\"><font color=\"#000000\"><span style=\"font-family: 'Tahoma'\"><font size=\"2\">La cruz episcopal, que timbra el escudo, representa el contenido y la misi\u00f3n del pastor, cuya primera tarea es se\u00f1alar a Aqu\u00e9l, de quien <\/font><\/span><span style=\"font-family: 'Tahoma'\"><font size=\"2\">la Iglesia<\/font><\/span><span style=\"font-family: 'Tahoma'\"><font size=\"2\">, en ferviente oraci\u00f3n y escucha oir\u00e1 lo que tiene que hacer. <\/font><\/span><\/font><\/p>\n","protected":false},"excerpt":{"rendered":"<div class=\"mh-excerpt\"><p>Naci\u00f3 en Buenos Aires el 15 de diciembre de 1949, en un hogar de inmigrantes eslovenos. Tras cursar sus estudios primarios y secundarios realiz\u00f3 los <a class=\"mh-excerpt-more\" href=\"https:\/\/www.obispadorqta.org.ar\/v3\/mons-stanovnik-andres-ofm-cap\/\" title=\"Mons. Stanovnik, Andr\u00e9s OFM Cap\">[&#8230;]<\/a><\/p>\n<\/div>","protected":false},"author":1,"featured_media":0,"comment_status":"open","ping_status":"open","sticky":false,"template":"","format":"standard","meta":{"footnotes":""},"categories":[57],"tags":[],"class_list":["post-133","post","type-post","status-publish","format-standard","hentry","category-obispos-anteriores"],"_links":{"self":[{"href":"https:\/\/www.obispadorqta.org.ar\/v3\/wp-json\/wp\/v2\/posts\/133","targetHints":{"allow":["GET"]}}],"collection":[{"href":"https:\/\/www.obispadorqta.org.ar\/v3\/wp-json\/wp\/v2\/posts"}],"about":[{"href":"https:\/\/www.obispadorqta.org.ar\/v3\/wp-json\/wp\/v2\/types\/post"}],"author":[{"embeddable":true,"href":"https:\/\/www.obispadorqta.org.ar\/v3\/wp-json\/wp\/v2\/users\/1"}],"replies":[{"embeddable":true,"href":"https:\/\/www.obispadorqta.org.ar\/v3\/wp-json\/wp\/v2\/comments?post=133"}],"version-history":[{"count":0,"href":"https:\/\/www.obispadorqta.org.ar\/v3\/wp-json\/wp\/v2\/posts\/133\/revisions"}],"wp:attachment":[{"href":"https:\/\/www.obispadorqta.org.ar\/v3\/wp-json\/wp\/v2\/media?parent=133"}],"wp:term":[{"taxonomy":"category","embeddable":true,"href":"https:\/\/www.obispadorqta.org.ar\/v3\/wp-json\/wp\/v2\/categories?post=133"},{"taxonomy":"post_tag","embeddable":true,"href":"https:\/\/www.obispadorqta.org.ar\/v3\/wp-json\/wp\/v2\/tags?post=133"}],"curies":[{"name":"wp","href":"https:\/\/api.w.org\/{rel}","templated":true}]}}