{"id":135,"date":"2009-08-20T14:41:56","date_gmt":"2009-08-20T14:41:56","guid":{"rendered":"http:\/\/www.obispadorqta.org.ar\/v3\/consejo-diocesano-de-asuntos-economicos\/"},"modified":"2009-08-20T14:41:56","modified_gmt":"2009-08-20T14:41:56","slug":"consejo-diocesano-de-asuntos-economicos","status":"publish","type":"post","link":"https:\/\/www.obispadorqta.org.ar\/v3\/consejo-diocesano-de-asuntos-economicos\/","title":{"rendered":"Consejo Diocesano de Asuntos Econ\u00f3micos"},"content":{"rendered":"<p><font face=\"arial,helvetica,sans-serif\"><font face=\"verdana,geneva\" style=\"font-family: Geneva, Arial, Helvetica, sans-serif; font-size: 10px; font-style: normal; line-height: normal\" color=\"#000000\">Pbro. MAC\u00cdN, \u00c1ngel Jos\u00e9. Obispo Diocesano<br \/>Sr. AGRETTI, Celso<br \/>Sr. BIANCHI, Mario<br \/>Sr. BRAIDA, Mario<br \/>Sr. NARDELLI, Manuel<br \/>Sr. NARDELLI, Walter<br \/>Sr. V\u00c9NICA, N\u00e9stor<\/font><strong><br \/><\/strong><\/font><\/p>\n","protected":false},"excerpt":{"rendered":"<div class=\"mh-excerpt\"><p>Pbro. MAC\u00cdN, \u00c1ngel Jos\u00e9. Obispo DiocesanoSr. AGRETTI, CelsoSr. BIANCHI, MarioSr. BRAIDA, MarioSr. NARDELLI, ManuelSr. NARDELLI, WalterSr. V\u00c9NICA, N\u00e9stor<\/p>\n<\/div>","protected":false},"author":1,"featured_media":0,"comment_status":"open","ping_status":"open","sticky":false,"template":"","format":"standard","meta":{"footnotes":""},"categories":[40],"tags":[],"class_list":["post-135","post","type-post","status-publish","format-standard","hentry","category-consejosdiocesanos"],"_links":{"self":[{"href":"https:\/\/www.obispadorqta.org.ar\/v3\/wp-json\/wp\/v2\/posts\/135","targetHints":{"allow":["GET"]}}],"collection":[{"href":"https:\/\/www.obispadorqta.org.ar\/v3\/wp-json\/wp\/v2\/posts"}],"about":[{"href":"https:\/\/www.obispadorqta.org.ar\/v3\/wp-json\/wp\/v2\/types\/post"}],"author":[{"embeddable":true,"href":"https:\/\/www.obispadorqta.org.ar\/v3\/wp-json\/wp\/v2\/users\/1"}],"replies":[{"embeddable":true,"href":"https:\/\/www.obispadorqta.org.ar\/v3\/wp-json\/wp\/v2\/comments?post=135"}],"version-history":[{"count":0,"href":"https:\/\/www.obispadorqta.org.ar\/v3\/wp-json\/wp\/v2\/posts\/135\/revisions"}],"wp:attachment":[{"href":"https:\/\/www.obispadorqta.org.ar\/v3\/wp-json\/wp\/v2\/media?parent=135"}],"wp:term":[{"taxonomy":"category","embeddable":true,"href":"https:\/\/www.obispadorqta.org.ar\/v3\/wp-json\/wp\/v2\/categories?post=135"},{"taxonomy":"post_tag","embeddable":true,"href":"https:\/\/www.obispadorqta.org.ar\/v3\/wp-json\/wp\/v2\/tags?post=135"}],"curies":[{"name":"wp","href":"https:\/\/api.w.org\/{rel}","templated":true}]}}