{"id":1359,"date":"2017-02-15T13:47:12","date_gmt":"2017-02-15T13:47:12","guid":{"rendered":"http:\/\/www.obispadorqta.org.ar\/v3\/?p=1359"},"modified":"2018-04-25T22:13:21","modified_gmt":"2018-04-25T22:13:21","slug":"catequesis-con-mons-angel-jose-macin","status":"publish","type":"post","link":"https:\/\/www.obispadorqta.org.ar\/v3\/catequesis-con-mons-angel-jose-macin\/","title":{"rendered":"Catequesis con Mons. \u00c1ngel Jos\u00e9 Mac\u00edn"},"content":{"rendered":"<p>https:\/\/youtu.be\/F2vyD7Ta_3E<\/p>\n","protected":false},"excerpt":{"rendered":"<div class=\"mh-excerpt\"><p>https:\/\/youtu.be\/F2vyD7Ta_3E<\/p>\n<\/div>","protected":false},"author":2,"featured_media":2633,"comment_status":"closed","ping_status":"open","sticky":false,"template":"","format":"standard","meta":{"footnotes":""},"categories":[4],"tags":[],"class_list":["post-1359","post","type-post","status-publish","format-standard","has-post-thumbnail","hentry","category-videos"],"_links":{"self":[{"href":"https:\/\/www.obispadorqta.org.ar\/v3\/wp-json\/wp\/v2\/posts\/1359","targetHints":{"allow":["GET"]}}],"collection":[{"href":"https:\/\/www.obispadorqta.org.ar\/v3\/wp-json\/wp\/v2\/posts"}],"about":[{"href":"https:\/\/www.obispadorqta.org.ar\/v3\/wp-json\/wp\/v2\/types\/post"}],"author":[{"embeddable":true,"href":"https:\/\/www.obispadorqta.org.ar\/v3\/wp-json\/wp\/v2\/users\/2"}],"replies":[{"embeddable":true,"href":"https:\/\/www.obispadorqta.org.ar\/v3\/wp-json\/wp\/v2\/comments?post=1359"}],"version-history":[{"count":2,"href":"https:\/\/www.obispadorqta.org.ar\/v3\/wp-json\/wp\/v2\/posts\/1359\/revisions"}],"predecessor-version":[{"id":1361,"href":"https:\/\/www.obispadorqta.org.ar\/v3\/wp-json\/wp\/v2\/posts\/1359\/revisions\/1361"}],"wp:featuredmedia":[{"embeddable":true,"href":"https:\/\/www.obispadorqta.org.ar\/v3\/wp-json\/wp\/v2\/media\/2633"}],"wp:attachment":[{"href":"https:\/\/www.obispadorqta.org.ar\/v3\/wp-json\/wp\/v2\/media?parent=1359"}],"wp:term":[{"taxonomy":"category","embeddable":true,"href":"https:\/\/www.obispadorqta.org.ar\/v3\/wp-json\/wp\/v2\/categories?post=1359"},{"taxonomy":"post_tag","embeddable":true,"href":"https:\/\/www.obispadorqta.org.ar\/v3\/wp-json\/wp\/v2\/tags?post=1359"}],"curies":[{"name":"wp","href":"https:\/\/api.w.org\/{rel}","templated":true}]}}