{"id":136,"date":"2009-08-20T14:43:18","date_gmt":"2009-08-20T14:43:18","guid":{"rendered":"http:\/\/www.obispadorqta.org.ar\/v3\/consejo-diocesano-de-pastoral\/"},"modified":"2022-12-30T10:45:28","modified_gmt":"2022-12-30T13:45:28","slug":"consejo-diocesano-de-pastoral","status":"publish","type":"post","link":"https:\/\/www.obispadorqta.org.ar\/v3\/consejo-diocesano-de-pastoral\/","title":{"rendered":"Consejo Diocesano de Pastoral"},"content":{"rendered":"<p><span style=\"color: #000000;\"><span style=\"font-family: Geneva, Arial, Helvetica, sans-serif; font-size: 10px; font-style: normal; line-height: normal;\"><strong><u>Por Derecho:<\/u><\/strong><\/span><\/span><\/p>\n<p><strong><u>Por el Presbiterio:<\/u><\/strong><br \/>\nPbro. Walter Guido V\u00e9nica<br \/>\nPbro. Efr\u00e9n Mario Agretti<br \/>\n<u><strong><br \/>\nPor la Vida Religiosa:<\/strong><\/u><\/p>\n<p>Hna. Mar\u00eda Dolores Fern\u00e1ndez<\/p>\n<p><u><strong>Por los Laicos:<\/strong><\/u><br \/>\nSra. Nanci Pividori (Focolares)<br \/>\nSra. Leila Milocco de Fontana (Cursillo)<br \/>\nSrta. Anal\u00eda Cian (Junta de Catequesis)<\/p>\n<p><span style=\"color: #000000;\"><u><strong>Elegidos por el Obispo:<\/strong><\/u><br \/>\nSr. Carlos Cab\u00e1s (Liturgia)<br \/>\nSrta. Mar\u00eda Emilia Acosta (C\u00e1ritas)<br \/>\nSr. Armando Fun (Mov. Familiar Avellaneda)<\/span><\/p>\n","protected":false},"excerpt":{"rendered":"<div class=\"mh-excerpt\"><p>Por Derecho: Por el Presbiterio: Pbro. Walter Guido V\u00e9nica Pbro. Efr\u00e9n Mario Agretti Por la Vida Religiosa: Hna. Mar\u00eda Dolores Fern\u00e1ndez Por los Laicos: Sra. <a class=\"mh-excerpt-more\" href=\"https:\/\/www.obispadorqta.org.ar\/v3\/consejo-diocesano-de-pastoral\/\" title=\"Consejo Diocesano de Pastoral\">[&#8230;]<\/a><\/p>\n<\/div>","protected":false},"author":1,"featured_media":0,"comment_status":"open","ping_status":"open","sticky":false,"template":"","format":"standard","meta":{"footnotes":""},"categories":[40],"tags":[],"class_list":["post-136","post","type-post","status-publish","format-standard","hentry","category-consejosdiocesanos"],"_links":{"self":[{"href":"https:\/\/www.obispadorqta.org.ar\/v3\/wp-json\/wp\/v2\/posts\/136","targetHints":{"allow":["GET"]}}],"collection":[{"href":"https:\/\/www.obispadorqta.org.ar\/v3\/wp-json\/wp\/v2\/posts"}],"about":[{"href":"https:\/\/www.obispadorqta.org.ar\/v3\/wp-json\/wp\/v2\/types\/post"}],"author":[{"embeddable":true,"href":"https:\/\/www.obispadorqta.org.ar\/v3\/wp-json\/wp\/v2\/users\/1"}],"replies":[{"embeddable":true,"href":"https:\/\/www.obispadorqta.org.ar\/v3\/wp-json\/wp\/v2\/comments?post=136"}],"version-history":[{"count":1,"href":"https:\/\/www.obispadorqta.org.ar\/v3\/wp-json\/wp\/v2\/posts\/136\/revisions"}],"predecessor-version":[{"id":8411,"href":"https:\/\/www.obispadorqta.org.ar\/v3\/wp-json\/wp\/v2\/posts\/136\/revisions\/8411"}],"wp:attachment":[{"href":"https:\/\/www.obispadorqta.org.ar\/v3\/wp-json\/wp\/v2\/media?parent=136"}],"wp:term":[{"taxonomy":"category","embeddable":true,"href":"https:\/\/www.obispadorqta.org.ar\/v3\/wp-json\/wp\/v2\/categories?post=136"},{"taxonomy":"post_tag","embeddable":true,"href":"https:\/\/www.obispadorqta.org.ar\/v3\/wp-json\/wp\/v2\/tags?post=136"}],"curies":[{"name":"wp","href":"https:\/\/api.w.org\/{rel}","templated":true}]}}