{"id":1366,"date":"2017-04-10T14:16:29","date_gmt":"2017-04-10T14:16:29","guid":{"rendered":"http:\/\/www.obispadorqta.org.ar\/v3\/?p=1366"},"modified":"2017-04-13T11:47:35","modified_gmt":"2017-04-13T11:47:35","slug":"1366-2","status":"publish","type":"post","link":"https:\/\/www.obispadorqta.org.ar\/v3\/1366-2\/","title":{"rendered":"Semana Santa"},"content":{"rendered":"<p><img loading=\"lazy\" decoding=\"async\" class=\"aligncenter size-medium\" src=\"https:\/\/scontent-eze1-1.xx.fbcdn.net\/v\/t1.0-0\/p206x206\/17796419_1291764964253325_5179347081348505694_n.jpg?oh=62f3fce392a9491ccb8119f2724f04aa&amp;oe=594CA836\" width=\"206\" height=\"321\" \/><\/p>\n<p style=\"text-align: justify;\">Con el Domingo de Ramos damos inicio a la semana m\u00e1s importante, donde revivimos el misterio de la Pasi\u00f3n, Muerte y resurrecci\u00f3n de nuestro Se\u00f1or Jesucristo. Por ello invitamos a todos a participar de las diversas celebraciones que se llevar\u00e1n a cabo en el transcurso de la Semana Santa.<\/p>\n<p>En este contexto recordamos tambi\u00e9n que el d\u00eda Mi\u00e9rcoles 12 se celebra la Misa Crismal, la cual ser\u00e1 presidida por nuestro Obispo Diocesano, Mons. \u00c1ngel Jos\u00e9 Mac\u00edn y concelebrada con los presb\u00edteros de la di\u00f3cesis, es la celebraci\u00f3n en la que se consagra el Santo Crisma y se bendice adem\u00e1s los restantes \u00f3leos o aceites (para los enfermos y lo que se van a bautizar) y donde los presb\u00edteros renuevan ante el Obispo sus promesas sacerdotales. La misma se realizar\u00e1 en la Iglesia Catedral de Reconquista a las 20 hs.<\/p>\n<p>Rezamos por nuestra Di\u00f3cesis para que la pascua del Se\u00f1or contin\u00fae mostr\u00e1ndonos el verdadero camino de una Iglesia renovada.<\/p>\n","protected":false},"excerpt":{"rendered":"<div class=\"mh-excerpt\"><p>Con el Domingo de Ramos damos inicio a la semana m\u00e1s importante, donde revivimos el misterio de la Pasi\u00f3n, Muerte y resurrecci\u00f3n de nuestro Se\u00f1or <a class=\"mh-excerpt-more\" href=\"https:\/\/www.obispadorqta.org.ar\/v3\/1366-2\/\" title=\"Semana Santa\">[&#8230;]<\/a><\/p>\n<\/div>","protected":false},"author":2,"featured_media":1371,"comment_status":"closed","ping_status":"open","sticky":false,"template":"","format":"standard","meta":{"footnotes":""},"categories":[28],"tags":[],"class_list":["post-1366","post","type-post","status-publish","format-standard","has-post-thumbnail","hentry","category-latest-news"],"_links":{"self":[{"href":"https:\/\/www.obispadorqta.org.ar\/v3\/wp-json\/wp\/v2\/posts\/1366","targetHints":{"allow":["GET"]}}],"collection":[{"href":"https:\/\/www.obispadorqta.org.ar\/v3\/wp-json\/wp\/v2\/posts"}],"about":[{"href":"https:\/\/www.obispadorqta.org.ar\/v3\/wp-json\/wp\/v2\/types\/post"}],"author":[{"embeddable":true,"href":"https:\/\/www.obispadorqta.org.ar\/v3\/wp-json\/wp\/v2\/users\/2"}],"replies":[{"embeddable":true,"href":"https:\/\/www.obispadorqta.org.ar\/v3\/wp-json\/wp\/v2\/comments?post=1366"}],"version-history":[{"count":2,"href":"https:\/\/www.obispadorqta.org.ar\/v3\/wp-json\/wp\/v2\/posts\/1366\/revisions"}],"predecessor-version":[{"id":1368,"href":"https:\/\/www.obispadorqta.org.ar\/v3\/wp-json\/wp\/v2\/posts\/1366\/revisions\/1368"}],"wp:featuredmedia":[{"embeddable":true,"href":"https:\/\/www.obispadorqta.org.ar\/v3\/wp-json\/wp\/v2\/media\/1371"}],"wp:attachment":[{"href":"https:\/\/www.obispadorqta.org.ar\/v3\/wp-json\/wp\/v2\/media?parent=1366"}],"wp:term":[{"taxonomy":"category","embeddable":true,"href":"https:\/\/www.obispadorqta.org.ar\/v3\/wp-json\/wp\/v2\/categories?post=1366"},{"taxonomy":"post_tag","embeddable":true,"href":"https:\/\/www.obispadorqta.org.ar\/v3\/wp-json\/wp\/v2\/tags?post=1366"}],"curies":[{"name":"wp","href":"https:\/\/api.w.org\/{rel}","templated":true}]}}