{"id":1369,"date":"2017-04-10T14:20:17","date_gmt":"2017-04-10T14:20:17","guid":{"rendered":"http:\/\/www.obispadorqta.org.ar\/v3\/?p=1369"},"modified":"2017-04-13T14:03:28","modified_gmt":"2017-04-13T14:03:28","slug":"avisos-parroquiales-26","status":"publish","type":"post","link":"https:\/\/www.obispadorqta.org.ar\/v3\/avisos-parroquiales-26\/","title":{"rendered":"Avisos Parroquiales"},"content":{"rendered":"<p>&nbsp;<\/p>\n<p><!--more--><\/p>\n<p><strong><u>PARROQUIA \u201cINMACULADA CONCEPCI\u00d3N\u201d &#8211; RECONQUISTA<\/u><\/strong><\/p>\n<p><u><strong>TALLER DE SANACION INTERIOR:<\/strong><\/u> se realizar\u00e1 el 10 y 11 de abril\u00a0 en el Club de Abuelos de Reconquista (Olessio N\u00ba 1912) de 20 a 22:00 hs, predicado por el Padre Pablo Fuentes. Llevar equipo de mate.<\/p>\n<p><u><strong>JORNADAS DE RECONCILIACI\u00d3N: <\/strong><\/u>el martes y mi\u00e9rcoles de Semana Santa habr\u00e1 confesiones durante todo el d\u00eda.<\/p>\n<p><u><strong>TRIDUO PASCUAL PARA NI\u00d1OS:<\/strong><\/u> los d\u00edas Jueves, Viernes y S\u00e1bado Santo a las 10:30 Hs. en Catedral.<\/p>\n<p><u><strong>VIERNES SANTO RETIRO RADIAL: <\/strong><\/u>Desde la Parroquia Calchaqui de \u00a08:00 a 12:00 Hs. El mismo ser\u00e1 transmitido en directo \u00a0por Radio Amanecer.<\/p>\n<p><u><strong>NOVENA DE JESUS MISERICORDIOSO:<\/strong><\/u> Inicia el viernes Santo a las 15 hs en Iglesia Catedral.<\/p>\n<p><u><strong>PROGRAMA DE SEMANA SANTA<\/strong><\/u><\/p>\n<p><strong>CONFESIONES EN CATEDRAL<\/strong><br \/>\n<strong>Martes 11 y mi\u00e9rcoles 12 \u00a0de Abril <\/strong><br \/>\n08.30 a 11:30 hs. y de 16:00 a 22:00 hs<\/p>\n<p><strong>Mi\u00e9rcoles Santo<\/strong> \u2013 12 de abril \u00a0en Catedral<br \/>\n20:00\u00a0\u00a0 Misa Crismal<\/p>\n<p><strong>Jueves Santo \u2013\u00a0 13 de abril\u00a0\u00a0 Misa de la Cena del Se\u00f1or. Luego Adoraci\u00f3n al Sant\u00edsimo<\/strong><br \/>\n18:30\u00a0\u00a0 Carmelitas:<\/p>\n<p>18:00\u00a0\u00a0 B\u00ba Noreste<br \/>\n18:00\u00a0\u00a0 B\u00ba Las Ranas<br \/>\n19:00\u00a0\u00a0 B\u00ba Fraternidad:<br \/>\n20:00\u00a0\u00a0 B\u00ba Sarmiento:<br \/>\n20:00\u00a0\u00a0 B\u00ba San Mart\u00edn:<\/p>\n<p>20:00\u00a0\u00a0 Catedral \u00a0\u00a0 (Luego Adoraci\u00f3n al Sant\u00edsimo toda la noche)<br \/>\n<strong>Viernes Santo \u2013 14 \u00a0de abril\u00a0\u00a0<\/strong><br \/>\n08:00 a 12:00 hs\u00a0\u00a0 Retiro por Radio Amanecer Parroquia Calchaqui<br \/>\n15:00\u00a0\u00a0 <strong>Inicio Novena a Jes\u00fas misericordioso <\/strong>en Catedral<\/p>\n<p><strong>Celebraci\u00f3n de la Pasi\u00f3n\u00a0<\/strong><br \/>\n15:00\u00a0\u00a0 Carmelitas<\/p>\n<p>15:30\u00a0\u00a0 B\u00ba Sarmiento<\/p>\n<p>15:30\u00a0\u00a0 B\u00ba Noreste<\/p>\n<p>17:00\u00a0\u00a0 Catedral<\/p>\n<p>17:30\u00a0\u00a0 B\u00ba Fraternidad<br \/>\n17:30\u00a0\u00a0 B\u00ba San Mart\u00edn<br \/>\n<strong>V\u00eda Crucis\u00a0\u00a0\u00a0<\/strong><br \/>\n17:00\u00a0\u00a0 B\u00ba La Cortada<\/p>\n<p>17:00\u00a0\u00a0 Capilla B\u00ba\u00a0 Ombusal<br \/>\n<strong>V\u00eda Crucis por las calles de la ciudad<\/strong><br \/>\n20:00\u00a0\u00a0 Catedral<br \/>\nS\u00e1bado Santo \u2013 15 de abril<\/p>\n<p>12:00\u00a0\u00a0 Celebraci\u00f3n de los dolores de Mar\u00eda en Catedral<\/p>\n<p>&nbsp;<\/p>\n<p><strong>VIGILIA PASCUAL <\/strong>\u00a0(Traer velas y agua para bendecir)<br \/>\n18:00\u00a0\u00a0 B\u00ba Noreste<\/p>\n<p>19:00\u00a0\u00a0 B\u00ba Fraternidad<\/p>\n<p>20:00\u00a0\u00a0 B\u00ba Sarmiento<\/p>\n<p>20:00\u00a0\u00a0 Catedral<\/p>\n<p>21:00\u00a0\u00a0 B\u00ba San Mart\u00edn<\/p>\n<p>21:00\u00a0\u00a0 Carmelitas<br \/>\n<u><strong>Domingo de Pascua &#8211; 16 DE ABRIL<\/strong><\/u><br \/>\n08:30\u00a0\u00a0 Carmelitas<\/p>\n<p>09:00\u00a0\u00a0 Capilla B\u00ba Ombusal<br \/>\n09:30\u00a0\u00a0 La Cortada:<\/p>\n<p>10:00\u00a0\u00a0 Catedral<\/p>\n<p>20:00\u00a0\u00a0 Catedral<br \/>\n<u><strong>PARROQUIA <\/strong><strong>\u201c<\/strong><strong>SAN ROQUE\u00bb &#8211; RECONQUISTA<\/strong><\/u><\/p>\n<p>&nbsp;<\/p>\n<p><u><strong>PARROQUIA <\/strong><strong>\u201c<\/strong><strong>SAN LUIS GONZAGA\u00bb &#8211; CALCHAQU\u00cd<\/strong><\/u><\/p>\n<p>&nbsp;<\/p>\n<p><u><strong>PARROQUIA <\/strong><strong>\u201c<\/strong><strong>SAN JUAN BAUTISTA\u00bb &#8211; VERA<\/strong><\/u><\/p>\n<p>&nbsp;<\/p>\n<p><u><strong>PARROQUIA <\/strong><strong>\u201c<\/strong><strong>NUESTRA SE\u00d1ORA DEL HUERTO\u00bb &#8211; MALABRIGO<\/strong><\/u><\/p>\n<p>&nbsp;<\/p>\n<p><u><strong>LUNES SANTO<\/strong><\/u><br \/>\n07:00 hs\u00a0 Misa con oraci\u00f3n de Laudes en el Templo<\/p>\n<p>&nbsp;<\/p>\n<p><u><strong>MARTES SANTO<\/strong><\/u><br \/>\n07:00 hs\u00a0 Misa con oraci\u00f3n de Laudes en el Templo<\/p>\n<p>18:30 hs Confesiones en Berna<br \/>\n17:00 hs\u00a0 Misa con Unci\u00f3n de Ancianos y Enfermos en el Templo<br \/>\n20:00 hs\u00a0 Misa con Unci\u00f3n de Ancianos y Enfermos en Berna<\/p>\n<p>&nbsp;<\/p>\n<p><u><strong>MI\u00c9RCOLES SANTO<\/strong><\/u><br \/>\n07:00 hs\u00a0 Misa con oraci\u00f3n de Laudes en el Templo<br \/>\n20:00 hs\u00a0 Misa Crismal en la Catedral<\/p>\n<p>&nbsp;<\/p>\n<p><strong>Pastoral de Monaguillos:\u00a0<\/strong><br \/>\nSe encuentra abierta la inscripci\u00f3n sin costo durante todo el mes de abril en Secretar\u00eda Parroquial.<br \/>\nCondiciones: haber tomado la primera comuni\u00f3n y estar disponible a participar de los encuentros los d\u00edas s\u00e1bados a las 15:00 hs en la parroquia.<\/p>\n<p>&nbsp;<\/p>\n<p><u><strong>JUEVES SANTO<\/strong><\/u><br \/>\n07:00 hs\u00a0 Oraci\u00f3n de Laudes en el Templo<br \/>\n09:30 hs Celebraci\u00f3n para ni\u00f1os en el Templo<br \/>\n18:00 hs Misa de la Instituci\u00f3n de la Eucarist\u00eda y lavatorio de los pies en Berna<br \/>\n20:00 hs\u00a0 Misa de la Instituci\u00f3n de la Eucarist\u00eda y lavatorio de los pies en el Templo. Luego Adoraci\u00f3n hasta las 7:00 hs<\/p>\n<p>&nbsp;<\/p>\n<p><u><strong>VIERNES SANTO<\/strong><\/u><br \/>\n07:00 hs\u00a0 Oraci\u00f3n de Laudes en el Templo<br \/>\n09:30 hs Celebraci\u00f3n para ni\u00f1os en el Templo<br \/>\n15:00 hs Encuentro para ni\u00f1os en Berna<br \/>\n16:00 hs Celebraci\u00f3n del V\u00eda Crucis en Campo Ramseyer<br \/>\n17:00 hs Celebraci\u00f3n del V\u00eda Crucis viviente en Berna<br \/>\n18:00 hs V\u00eda Crucis partiendo desde la plazoleta del Hospital hasta el Templo. Luego Adoraci\u00f3n de la Cruz y Comuni\u00f3n. (si llueve, a la misma hora todo en el templo)<\/p>\n<p>&nbsp;<\/p>\n<p><u><strong>S\u00c1BADO SANTO<\/strong><\/u><br \/>\n07:00 hs\u00a0 Oraci\u00f3n de Laudes en el Templo<br \/>\n18:00 hs\u00a0 Celebraci\u00f3n de la Vigilia Pascual en Berna (llevar velas y agua para bendecir)<br \/>\n18:00 hs\u00a0 Vigilia Pascual en Campo Ramseyer (llevar velas y agua para bendecir)<br \/>\n20:00 hs Vigilia Pascual en el Templo (llevar velas y agua para bendecir)<\/p>\n<p>&nbsp;<\/p>\n<p><u><strong>DOMINGO DE PASCUA<\/strong><\/u><br \/>\n10:00 hs\u00a0 Misa de Pascua para ni\u00f1os en el Templo<br \/>\n20:00 hs\u00a0 Misa\u00a0 de Pascua en el Templo<\/p>\n<p>&nbsp;<\/p>\n<p><u><strong>PARROQUIA <\/strong><strong>\u201c<\/strong><strong>SAN ROQUE\u00bb &#8211; MARGARITA<\/strong><\/u><\/p>\n<p>&nbsp;<\/p>\n<p><u><strong>LUNES, MARTES Y MI\u00c9RCOLES SANTO<\/strong><\/u><\/p>\n<p>A las 20.00 hs. V\u00eda Crucis en el templo parroquial<\/p>\n<p><u><strong>MARTES SANTO 11 de abril<\/strong><\/u><br \/>\nA las 17.00 hs. Santa Misa y unci\u00f3n de Enfermos y Ancianos. En el Centro de Jubilados.<\/p>\n<p><strong><u>JUEVES SANTO 13 de abril:<\/u> Celebramos la Cena del Se\u00f1or<\/strong><br \/>\nA las 19.00 hs.\u00a0 Lavatorio\u00a0 de\u00a0 los pies y Eucarist\u00eda<br \/>\nAdoraci\u00f3n libre hasta las 24.00 hs. (Traer los sobres de Caritas)<\/p>\n<p><strong><u>VIERNES SANTO 14 de abril: <\/u>Celebramos la Muerte de Jes\u00fas<\/strong><br \/>\nA las 18.00 hs. Representaci\u00f3n del V\u00eda Crucis en la plaza.<br \/>\nAdoraci\u00f3n de la Cruz, en el templo. (Se invita a traer una peque\u00f1a cruz r\u00fastica de madera, que represente nuestras\u00a0 cruces, para ofrecerlas a Jes\u00fas al finalizar la celebraci\u00f3n. Las quemaremos ma\u00f1ana en la Bendici\u00f3n del Fuego.)<br \/>\n<strong><u>S\u00c1BADO SANTO 15 de abril:<\/u> Celebramos la Resurrecci\u00f3n de Jes\u00fas <\/strong><br \/>\nA las 9.30 hs. Celebraci\u00f3n: \u201cCon Mar\u00eda junto a la Cruz de Jes\u00fas\u201d<br \/>\nA las 20.15 hs. Solemne Vigilia Pascual<br \/>\n&#8211; Bendici\u00f3n del fuego, del Cirio Pascual y de las velas<br \/>\n&#8211; Relato de la historia de la Salvaci\u00f3n.<br \/>\n&#8211; Bendici\u00f3n del agua, Renovaci\u00f3n de las Promesas y Bautismos.<br \/>\n&#8211; Celebraci\u00f3n de la Pascua en la Eucarist\u00eda.<br \/>\n(Se invita a traer botellitas para el agua bendita\u00a0 y velas<\/p>\n<p><u><strong>DOMINGO DE PASCUA 27<\/strong><\/u><\/p>\n<p>20.00 hs. Santa Misa<br \/>\n<u><strong>PARROQUIA <\/strong><strong>\u201c<\/strong><strong>SAGRADO CORAZ\u00d3N DE JES\u00daS\u00bb\u00a0 &#8211; ROMANG<\/strong><\/u><\/p>\n<p>&nbsp;<\/p>\n<p><u><strong>Lunes 10<\/strong><\/u><\/p>\n<p>18,00 hs. Rezo del Rosario en la ermita de la Virgen de Schoenstatt.<\/p>\n<p><u><strong>Martes 11 Santo<\/strong><\/u><\/p>\n<p>17,00 hs Misa en el Geri\u00e1trico con Unci\u00f3n de los enfermos<\/p>\n<p><u><strong>Mi\u00e9rcoles 12 Santo<\/strong><\/u><\/p>\n<p>08,00 hs Celebraci\u00f3n Semana Santa en el Colegio<br \/>\n20,00 Misa Crismal en la Catedral<\/p>\n<p><u><strong>Jueves 13<\/strong><strong> Instituci\u00f3n Sacerdocio y Eucarist\u00eda <\/strong><\/u><br \/>\n10,00 hs. Celebraci\u00f3n de La Cena del Se\u00f1or para ni\u00f1os en el Templo.<br \/>\n19,00 hs. Celebraci\u00f3n y Adoraci\u00f3n en Los Laureles, Nueva Romang.<br \/>\n20,00 hs. Celebraci\u00f3n y Adoraci\u00f3n Costa Itat\u00ed y Colonia Duran.<br \/>\n20,15 hs. Misa Cena del Se\u00f1or y lavado de pies en el Templo.<br \/>\nLuego Adoraci\u00f3n hasta las 24 hs.<\/p>\n<p><strong><u>Viernes 14 Pasi\u00f3n del Se\u00f1or<\/u><\/strong><br \/>\n15,00 hs. Celebraci\u00f3n de la Pasi\u00f3n en Nueva Romang<br \/>\n17,00 hs. Viacrucis en Capilla del 94.<br \/>\n18,00 hs. Viacrucis N. Romang, Costa Itat\u00ed, C. Duran, Los Laureles.<br \/>\n18,00 hs. Viacrucis y celebraci\u00f3n de la Pasi\u00f3n saliendo desde el oratorio en la entrada de la ciudad hacia el Templo.<br \/>\n<strong>\u00a0<\/strong><br \/>\n<strong><u>S\u00e1bado 15<\/u><u> S\u00e1bado Santo <\/u><\/strong>(traer velas y agua para bendecir)<br \/>\nDesde las 8,00 hs. Rezo de las 1000 Ave Mar\u00eda en el Templo.<br \/>\n10,00 hs. Celebraci\u00f3n de Pascua para ni\u00f1os en el Templo.<br \/>\n16,30 hs. Misa de Pascua en oratorio Lazzaroni.<br \/>\n19,00 hs. hs. Misa de Pascua Los Laureles.<br \/>\n21,00 hs. Vigilia Pascual en el Templo.<\/p>\n<p><u><strong>Domingo 16 Domingo de Pascua <\/strong><\/u><br \/>\n8,30 hs. Misa de Pascua en Nueva Romang.<br \/>\n10,00 hs. Misa de Pascua en Las Palmas.<br \/>\n17,00 hs. Misa de Pascua en Costa Itat\u00ed.<br \/>\n19,00 hs. Misa de Pascua en el templo.<\/p>\n<p><strong>CEPAR venta de roscas de pascua:<\/strong> CEPAR invita a colaborar para estas fiestas de Pascua con la compra de Roscas. Solicitar a los miembros de la Comisi\u00f3n.<\/p>\n<p><strong>DONACIONES cambio de veh\u00edculo:<\/strong> se abri\u00f3 una cuenta en la Mutual RFC para los que quieran colaborar con donaciones para hacer frente a\u00a0 los costos para el cambio del veh\u00edculo parroquial.<\/p>\n<p>&nbsp;<\/p>\n<p><u><strong>PARROQUIA <\/strong><strong>\u201c<\/strong><strong>NUESTRA SE\u00d1ORA DE ITAT\u00cd\u00bb &#8211; FORT\u00cdN OLMOS<\/strong><\/u><\/p>\n<p>&nbsp;<\/p>\n<p><u><strong>PARROQUIA \u00abNUESTRA SE\u00d1ORA DEL ROSARIO\u00bb &#8211; LANTERI<\/strong><\/u><\/p>\n","protected":false},"excerpt":{"rendered":"<div class=\"mh-excerpt\"><p>&nbsp;<\/p>\n<\/div>","protected":false},"author":2,"featured_media":1348,"comment_status":"closed","ping_status":"open","sticky":false,"template":"","format":"standard","meta":{"footnotes":""},"categories":[28],"tags":[],"class_list":["post-1369","post","type-post","status-publish","format-standard","has-post-thumbnail","hentry","category-latest-news"],"_links":{"self":[{"href":"https:\/\/www.obispadorqta.org.ar\/v3\/wp-json\/wp\/v2\/posts\/1369","targetHints":{"allow":["GET"]}}],"collection":[{"href":"https:\/\/www.obispadorqta.org.ar\/v3\/wp-json\/wp\/v2\/posts"}],"about":[{"href":"https:\/\/www.obispadorqta.org.ar\/v3\/wp-json\/wp\/v2\/types\/post"}],"author":[{"embeddable":true,"href":"https:\/\/www.obispadorqta.org.ar\/v3\/wp-json\/wp\/v2\/users\/2"}],"replies":[{"embeddable":true,"href":"https:\/\/www.obispadorqta.org.ar\/v3\/wp-json\/wp\/v2\/comments?post=1369"}],"version-history":[{"count":3,"href":"https:\/\/www.obispadorqta.org.ar\/v3\/wp-json\/wp\/v2\/posts\/1369\/revisions"}],"predecessor-version":[{"id":1378,"href":"https:\/\/www.obispadorqta.org.ar\/v3\/wp-json\/wp\/v2\/posts\/1369\/revisions\/1378"}],"wp:featuredmedia":[{"embeddable":true,"href":"https:\/\/www.obispadorqta.org.ar\/v3\/wp-json\/wp\/v2\/media\/1348"}],"wp:attachment":[{"href":"https:\/\/www.obispadorqta.org.ar\/v3\/wp-json\/wp\/v2\/media?parent=1369"}],"wp:term":[{"taxonomy":"category","embeddable":true,"href":"https:\/\/www.obispadorqta.org.ar\/v3\/wp-json\/wp\/v2\/categories?post=1369"},{"taxonomy":"post_tag","embeddable":true,"href":"https:\/\/www.obispadorqta.org.ar\/v3\/wp-json\/wp\/v2\/tags?post=1369"}],"curies":[{"name":"wp","href":"https:\/\/api.w.org\/{rel}","templated":true}]}}