{"id":1375,"date":"2017-04-13T13:47:29","date_gmt":"2017-04-13T13:47:29","guid":{"rendered":"http:\/\/www.obispadorqta.org.ar\/v3\/?p=1375"},"modified":"2017-04-13T14:04:19","modified_gmt":"2017-04-13T14:04:19","slug":"misa-crismal-2","status":"publish","type":"post","link":"https:\/\/www.obispadorqta.org.ar\/v3\/misa-crismal-2\/","title":{"rendered":"Misa Crismal"},"content":{"rendered":"<p style=\"text-align: justify;\">En el marco de esta Semana Santa se llev\u00f3 a cabo la celebraci\u00f3n de la Misa Crismal en la Iglesia Catedral de Reconquista, en la cual se consagr\u00f3 el Santo Crisma y se bendijeron los \u00f3leos para los enfermos y catec\u00famenos.<\/p>\n<p style=\"text-align: center;\"><img loading=\"lazy\" decoding=\"async\" class=\"aligncenter size-medium\" src=\"https:\/\/scontent-eze1-1.xx.fbcdn.net\/v\/t1.0-9\/17952478_1299101610186327_1748455650261467293_n.jpg?oh=f59c7fbd5c48397e5e971731b32af545&amp;oe=5999731A\" width=\"960\" height=\"720\" \/><\/p>\n<p style=\"text-align: justify;\">A su vez, los sacerdotes renovaron ante el obispo Diocesano, Mons. \u00c1ngel Jos\u00e9 Mac\u00edn, sus promesas sacerdotales.<\/p>\n<p style=\"text-align: center;\"><img loading=\"lazy\" decoding=\"async\" class=\"aligncenter size-medium\" src=\"https:\/\/scontent-eze1-1.xx.fbcdn.net\/v\/t1.0-9\/17759714_1299099416853213_3301067202508377137_n.jpg?oh=9a438552eb5bb4219eaf0dd01ff31d2c&amp;oe=5981E859\" width=\"960\" height=\"720\" \/><\/p>\n<div class=\"text_exposed_show\">\n<p style=\"text-align: justify;\">Agradecemos a todos los que de una manera u otra participaron de esta celebraci\u00f3n central de nuestra Iglesia y seguimos orando por nuestro Obispo, sacerdotes, religiosos y consagrados, para que sus vida sean testimonio del amor de Cristo resucitado.<\/p>\n<p style=\"text-align: center;\"><img loading=\"lazy\" decoding=\"async\" class=\"aligncenter size-medium\" src=\"https:\/\/scontent-eze1-1.xx.fbcdn.net\/v\/t1.0-9\/17884414_1299101280186360_6591762720703579288_n.jpg?oh=b4740019b5e349f46db98636ddf0dbcf&amp;oe=59964FBF\" width=\"960\" height=\"720\" \/><\/p>\n<\/div>\n<p style=\"text-align: center;\"><img loading=\"lazy\" decoding=\"async\" class=\"aligncenter size-medium\" src=\"https:\/\/scontent-eze1-1.xx.fbcdn.net\/v\/t1.0-9\/17862612_1299101096853045_4560824460945971087_n.jpg?oh=293518b11d33d6ce9d5a78b4922ff7f4&amp;oe=59913C82\" width=\"720\" height=\"960\" \/><\/p>\n","protected":false},"excerpt":{"rendered":"<div class=\"mh-excerpt\"><p>En el marco de esta Semana Santa se llev\u00f3 a cabo la celebraci\u00f3n de la Misa Crismal en la Iglesia Catedral de Reconquista, en la <a class=\"mh-excerpt-more\" href=\"https:\/\/www.obispadorqta.org.ar\/v3\/misa-crismal-2\/\" title=\"Misa Crismal\">[&#8230;]<\/a><\/p>\n<\/div>","protected":false},"author":2,"featured_media":1376,"comment_status":"closed","ping_status":"open","sticky":false,"template":"","format":"standard","meta":{"footnotes":""},"categories":[28],"tags":[],"class_list":["post-1375","post","type-post","status-publish","format-standard","has-post-thumbnail","hentry","category-latest-news"],"_links":{"self":[{"href":"https:\/\/www.obispadorqta.org.ar\/v3\/wp-json\/wp\/v2\/posts\/1375","targetHints":{"allow":["GET"]}}],"collection":[{"href":"https:\/\/www.obispadorqta.org.ar\/v3\/wp-json\/wp\/v2\/posts"}],"about":[{"href":"https:\/\/www.obispadorqta.org.ar\/v3\/wp-json\/wp\/v2\/types\/post"}],"author":[{"embeddable":true,"href":"https:\/\/www.obispadorqta.org.ar\/v3\/wp-json\/wp\/v2\/users\/2"}],"replies":[{"embeddable":true,"href":"https:\/\/www.obispadorqta.org.ar\/v3\/wp-json\/wp\/v2\/comments?post=1375"}],"version-history":[{"count":1,"href":"https:\/\/www.obispadorqta.org.ar\/v3\/wp-json\/wp\/v2\/posts\/1375\/revisions"}],"predecessor-version":[{"id":1377,"href":"https:\/\/www.obispadorqta.org.ar\/v3\/wp-json\/wp\/v2\/posts\/1375\/revisions\/1377"}],"wp:featuredmedia":[{"embeddable":true,"href":"https:\/\/www.obispadorqta.org.ar\/v3\/wp-json\/wp\/v2\/media\/1376"}],"wp:attachment":[{"href":"https:\/\/www.obispadorqta.org.ar\/v3\/wp-json\/wp\/v2\/media?parent=1375"}],"wp:term":[{"taxonomy":"category","embeddable":true,"href":"https:\/\/www.obispadorqta.org.ar\/v3\/wp-json\/wp\/v2\/categories?post=1375"},{"taxonomy":"post_tag","embeddable":true,"href":"https:\/\/www.obispadorqta.org.ar\/v3\/wp-json\/wp\/v2\/tags?post=1375"}],"curies":[{"name":"wp","href":"https:\/\/api.w.org\/{rel}","templated":true}]}}