{"id":140,"date":"2009-08-25T13:35:46","date_gmt":"2009-08-25T13:35:46","guid":{"rendered":"http:\/\/www.obispadorqta.org.ar\/v3\/silvestri-carlos-isidoro\/"},"modified":"2017-04-17T14:06:04","modified_gmt":"2017-04-17T14:06:04","slug":"silvestri-carlos-isidoro","status":"publish","type":"post","link":"https:\/\/www.obispadorqta.org.ar\/v3\/silvestri-carlos-isidoro\/","title":{"rendered":"SILVESTRI, Carlos Isidoro"},"content":{"rendered":"<p><font style=\"font-family: Verdana,Arial,Helvetica,sans-serif; font-size: 10px; font-style: normal; line-height: normal\" color=\"#000000\"><u><strong><img loading=\"lazy\" decoding=\"async\" src=\"https:\/\/scontent-gru1-1.xx.fbcdn.net\/hphotos-xfa1\/v\/t1.0-9\/299648_126163480813485_2576016_n.jpg?oh=5b7f3b71238ee98cda63962bce892e67&#038;oe=56201EBE\" border=\"0\" width=\"154\" height=\"116\" align=\"left\" \/>Datos Personales<\/strong><\/u><br \/>Naci\u00f3 el 14 de Agosto de 1943 en Romang (Santa Fe).<\/font><\/p>\n<p><font style=\"font-family: Verdana,Arial,Helvetica,sans-serif; font-size: 10px; font-style: normal; line-height: normal\" color=\"#000000\"><u><strong>Estudios realizados y formaci\u00f3n recibida<\/strong><\/u><br \/>Recibi\u00f3 el Sacramento del Orden Sagrado en el grado de Presbiterado, el 17 de Agosto de 1978.<\/font><\/p>\n<p style=\"font-family: Verdana,Arial,Helvetica,sans-serif; font-size: 10px; font-style: normal; line-height: normal\"><font color=\"#000000\"><u><strong>Experiencia Pastoral<\/strong><\/u><br \/><\/font><font color=\"#000000\"><font style=\"font-family: Verdana,Arial,Helvetica,sans-serif; font-size: 10px; font-style: normal; line-height: normal\" color=\"#000000\"><font color=\"#000000\"><font style=\"font-family: Verdana,Arial,Helvetica,sans-serif; font-size: 10px; font-style: normal; line-height: normal\" color=\"#000000\">\u2022 <\/font><\/font><\/font>Cura P\u00e1rroco de la Parroquia \u00abNuestra Se\u00f1ora de la Caridad del Cobre \u00bb de Banes, Di\u00f3cesis de Holgu\u00edn, Cuba (Donde realizo una experiencia misionera)<br \/><\/font><font color=\"#000000\"><font style=\"font-family: Verdana,Arial,Helvetica,sans-serif; font-size: 10px; font-style: normal; line-height: normal\" color=\"#000000\"><font color=\"#000000\"><font style=\"font-family: Verdana,Arial,Helvetica,sans-serif; font-size: 10px; font-style: normal; line-height: normal\" color=\"#000000\">\u2022 <\/font><\/font><\/font>Administrador Parroquial de la Parroquia \u00abSanta Ana\u00bb de Florencia.<br \/><\/font><font color=\"#000000\"><font style=\"font-family: Verdana,Arial,Helvetica,sans-serif; font-size: 10px; font-style: normal; line-height: normal\" color=\"#000000\"><font color=\"#000000\"><font style=\"font-family: Verdana,Arial,Helvetica,sans-serif; font-size: 10px; font-style: normal; line-height: normal\" color=\"#000000\">\u2022 <\/font><\/font><\/font>Cura P\u00e1rroco de la Parroquia \u00abSanta Ana\u00bb de Florencia.<br \/><\/font><font color=\"#000000\"><font style=\"font-family: Verdana,Arial,Helvetica,sans-serif; font-size: 10px; font-style: normal; line-height: normal\" color=\"#000000\"><font color=\"#000000\"><font style=\"font-family: Verdana,Arial,Helvetica,sans-serif; font-size: 10px; font-style: normal; line-height: normal\" color=\"#000000\">\u2022 <\/font><\/font><\/font>Cura P\u00e1rroco de la Parroquia \u00abSagrado Coraz\u00f3n de Jes\u00fas\u00bb de Villa Guillermina<br \/><\/font><font color=\"#000000\"><font style=\"font-family: Verdana,Arial,Helvetica,sans-serif; font-size: 10px; font-style: normal; line-height: normal\" color=\"#000000\"><font color=\"#000000\"><font style=\"font-family: Verdana,Arial,Helvetica,sans-serif; font-size: 10px; font-style: normal; line-height: normal\" color=\"#000000\">\u2022 <\/font><\/font><\/font>Miembro del Consejo Diocesano de Presbiterio.<br \/><\/font><\/p>\n<p><font style=\"font-family: Verdana,Arial,Helvetica,sans-serif; font-size: 10px; font-style: normal; line-height: normal\" color=\"#000000\"><u><strong>Oficio Pastoral Actual<\/strong><\/u><br \/>P\u00c1RROCO DE LA PARROQUIA \u00abSANTA CATALINA\u00bb DE ALEJANDRA<br \/><\/font><\/p>\n<p><font style=\"font-family: Verdana,Arial,Helvetica,sans-serif; font-size: 10px; font-style: normal; line-height: normal\" color=\"#000000\"><u><strong>Asesor\u00edas: <\/strong><\/u>Domicilio: Moreno S\/N\u00a0\u2013 Alejandra, Provincia de Santa Fe.<\/font><\/p>\n","protected":false},"excerpt":{"rendered":"<div class=\"mh-excerpt\"><p>Datos PersonalesNaci\u00f3 el 14 de Agosto de 1943 en Romang (Santa Fe). Estudios realizados y formaci\u00f3n recibidaRecibi\u00f3 el Sacramento del Orden Sagrado en el grado <a class=\"mh-excerpt-more\" href=\"https:\/\/www.obispadorqta.org.ar\/v3\/silvestri-carlos-isidoro\/\" title=\"SILVESTRI, Carlos Isidoro\">[&#8230;]<\/a><\/p>\n<\/div>","protected":false},"author":1,"featured_media":0,"comment_status":"closed","ping_status":"open","sticky":false,"template":"","format":"standard","meta":{"footnotes":""},"categories":[59],"tags":[],"class_list":["post-140","post","type-post","status-publish","format-standard","hentry","category-presbiteros-diocesanos"],"_links":{"self":[{"href":"https:\/\/www.obispadorqta.org.ar\/v3\/wp-json\/wp\/v2\/posts\/140","targetHints":{"allow":["GET"]}}],"collection":[{"href":"https:\/\/www.obispadorqta.org.ar\/v3\/wp-json\/wp\/v2\/posts"}],"about":[{"href":"https:\/\/www.obispadorqta.org.ar\/v3\/wp-json\/wp\/v2\/types\/post"}],"author":[{"embeddable":true,"href":"https:\/\/www.obispadorqta.org.ar\/v3\/wp-json\/wp\/v2\/users\/1"}],"replies":[{"embeddable":true,"href":"https:\/\/www.obispadorqta.org.ar\/v3\/wp-json\/wp\/v2\/comments?post=140"}],"version-history":[{"count":1,"href":"https:\/\/www.obispadorqta.org.ar\/v3\/wp-json\/wp\/v2\/posts\/140\/revisions"}],"predecessor-version":[{"id":1430,"href":"https:\/\/www.obispadorqta.org.ar\/v3\/wp-json\/wp\/v2\/posts\/140\/revisions\/1430"}],"wp:attachment":[{"href":"https:\/\/www.obispadorqta.org.ar\/v3\/wp-json\/wp\/v2\/media?parent=140"}],"wp:term":[{"taxonomy":"category","embeddable":true,"href":"https:\/\/www.obispadorqta.org.ar\/v3\/wp-json\/wp\/v2\/categories?post=140"},{"taxonomy":"post_tag","embeddable":true,"href":"https:\/\/www.obispadorqta.org.ar\/v3\/wp-json\/wp\/v2\/tags?post=140"}],"curies":[{"name":"wp","href":"https:\/\/api.w.org\/{rel}","templated":true}]}}