{"id":141,"date":"2009-08-26T11:42:18","date_gmt":"2009-08-26T11:42:18","guid":{"rendered":"http:\/\/www.obispadorqta.org.ar\/v3\/ordenacion-sacerdotal-adolfo-acosta\/"},"modified":"2009-08-26T11:42:18","modified_gmt":"2009-08-26T11:42:18","slug":"ordenacion-sacerdotal-adolfo-acosta","status":"publish","type":"post","link":"https:\/\/www.obispadorqta.org.ar\/v3\/ordenacion-sacerdotal-adolfo-acosta\/","title":{"rendered":"Ordenaci\u00f3n Sacerdotal Fray Adolfo Acosta Avalos"},"content":{"rendered":"<p><!--[if gte mso 9]><xml>  <w:WordDocument>   <w:View>Normal<\/w:View>   <w:Zoom>0<\/w:Zoom>   <w:HyphenationZone>21<\/w:HyphenationZone>   <w:PunctuationKerning\/>   <w:ValidateAgainstSchemas\/>   <w:SaveIfXMLInvalid>false<\/w:SaveIfXMLInvalid>   <w:IgnoreMixedContent>false<\/w:IgnoreMixedContent>   <w:AlwaysShowPlaceholderText>false<\/w:AlwaysShowPlaceholderText>   <w:Compatibility>    <w:BreakWrappedTables\/>    <w:SnapToGridInCell\/>    <w:WrapTextWithPunct\/>    <w:UseAsianBreakRules\/>    <w:DontGrowAutofit\/>   <\/w:Compatibility>   <w:BrowserLevel>MicrosoftInternetExplorer4<\/w:BrowserLevel>  <\/w:WordDocument> <\/xml><![endif]--><!--[if gte mso 9]><xml>  <w:LatentStyles DefLockedState=\"false\" LatentStyleCount=\"156\">  <\/w:LatentStyles> <\/xml><![endif]--><!--[if !mso]>\n\n<div   classid=\"clsid:38481807-CA0E-42D2-BF39-B33AF135CC4D\" id=ieooui><\/div>\n\n \n\n<style> st1\\:*{behavior:url(#ieooui) } <\/style>\n\n <![endif]--> <!--  \/* Font Definitions *\/  @font-face \t{font-family:Tahoma; \tpanose-1:2 11 6 4 3 5 4 4 2 4; \tmso-font-charset:0; \tmso-generic-font-family:swiss; \tmso-font-pitch:variable; \tmso-font-signature:1627421319 -2147483648 8 0 66047 0;}  \/* Style Definitions *\/  p.MsoNormal, li.MsoNormal, div.MsoNormal \t{mso-style-parent:\"\"; \tmargin:0cm; \tmargin-bottom:.0001pt; \tmso-pagination:widow-orphan; \tfont-size:12.0pt; \tfont-family:\"Times New Roman\"; \tmso-fareast-font-family:\"Times New Roman\";} @page Section1 \t{size:612.0pt 792.0pt; \tmargin:70.85pt 3.0cm 70.85pt 3.0cm; \tmso-header-margin:36.0pt; \tmso-footer-margin:36.0pt; \tmso-paper-source:0;} div.Section1 \t{page:Section1;} --> <!--[if gte mso 10]> \n\n<style>  \/* Style Definitions *\/  table.MsoNormalTable \t{mso-style-name:\"Tabla normal\"; \tmso-tstyle-rowband-size:0; \tmso-tstyle-colband-size:0; \tmso-style-noshow:yes; \tmso-style-parent:\"\"; \tmso-padding-alt:0cm 5.4pt 0cm 5.4pt; \tmso-para-margin:0cm; \tmso-para-margin-bottom:.0001pt; \tmso-pagination:widow-orphan; \tfont-size:10.0pt; \tfont-family:\"Times New Roman\"; \tmso-ansi-language:#0400; \tmso-fareast-language:#0400; \tmso-bidi-language:#0400;} <\/style>\n\n <![endif]-->    <\/p>\n<p style=\"text-align: center\" class=\"MsoNormal\" align=\"center\"><strong><span style=\"font-size: 11pt; font-family: Tahoma; color: #003300\"><font color=\"#000000\"><em>\u201cProclama mi alma la grandeza del se\u00f1or\u201d (LC. 1,46)<\/em><\/font><\/span><\/strong><span style=\"font-size: 10pt; font-family: Tahoma\"> <br \/><\/span><\/p>\n<p class=\"MsoNormal\">  <span style=\"font-size: 10pt; font-family: Tahoma\"> <a href=\"http:\/\/1.bp.blogspot.com\/_Dl5zl2Tn-es\/SpUk5yEyn2I\/AAAAAAAAAFM\/Q-3hs-iyVLc\/s1600-h\/Adolfo+Acosta+2+jpg.jpg\"><img loading=\"lazy\" decoding=\"async\" src=\"http:\/\/1.bp.blogspot.com\/_Dl5zl2Tn-es\/SpUk5yEyn2I\/AAAAAAAAAFM\/Q-3hs-iyVLc\/s320\/Adolfo+Acosta+2+jpg.jpg\" border=\"0\" width=\"126\" height=\"149\" align=\"left\" \/><\/a>  La  Orden Siervos<\/span><span style=\"font-size: 10pt; font-family: Tahoma\"> de Mar\u00eda de la provincia de Santa Mar\u00eda de los Andes<\/span><span style=\"font-size: 10pt; font-family: Tahoma\">, la comunidad Asunci\u00f3n de Mar\u00eda<\/span><span style=\"font-size: 10pt; font-family: Tahoma\"> y la familia Acosta Avalos invitan a la ordenaci\u00f3n sacerdotal<span> <\/span>de: <\/span><strong><span style=\"font-size: 10pt; font-family: Tahoma\">FRAY<span>\u00a0 <\/span>ADOLFO<span>\u00a0 <\/span>M. ACOSTA<span>\u00a0 <\/span>AVALOS.<\/span><\/strong><\/p>\n<p class=\"MsoNormal\"><span style=\"font-size: 10pt; font-family: Tahoma\">Por la imposici\u00f3n de las manos de Monse\u00f1or Ram\u00f3n A. Dus, Obispo de Reconquista a realizarse el <strong>domingo 30 de agosto de 2009 a las 10,00 hs <\/strong>en el templo parroquial de <strong>Las Toscas<\/strong>.<\/span><\/p>\n<p class=\"MsoNormal\"><span style=\"font-size: 10pt; font-family: Tahoma\">Su primera Misa Solemne ser\u00e1 el <strong>lunes 31 de agosto<span>\u00a0 <\/span>a<span>\u00a0 <\/span>las 19 hs<\/strong> en el templo parroquial de Las Toscas.<\/span><\/p>\n<p class=\"MsoNormal\" align=\"center\">\u00a0<strong><span style=\"font-size: 9pt; font-family: Tahoma; color: #333333\">Luego de la Santa Misa se invita a un almuerzo con\u00a0la Comunidad de Las Toscas, amigos, familiares y Sacerdotes diocesanos y de la  Orden de los Siervos de Mar\u00eda. Se ruega confirmar su presencia antes del d\u00eda viernes al tel\u00e9fono 492051 de 16 a 20 hs.\u00a0 Muchas Gracias. <\/span><\/strong><\/p>\n","protected":false},"excerpt":{"rendered":"<div class=\"mh-excerpt\"><p><!--[if gte mso 9]><xml>  <w:WordDocument>   <w:View>Normal<\/w:View>   <w:Zoom>0<\/w:Zoom>   <w:HyphenationZone>21<\/w:HyphenationZone>   <w:PunctuationKerning\/>   <w:ValidateAgainstSchemas\/>   <w:SaveIfXMLInvalid>false<\/w:SaveIfXMLInvalid>   <w:IgnoreMixedContent>false<\/w:IgnoreMixedContent>   <w:AlwaysShowPlaceholderText>false<\/w:AlwaysShowPlaceholderText>   <w:Compatibility>    <w:BreakWrappedTables\/>    <w:SnapToGridInCell\/>    <w:WrapTextWithPunct\/>    <w:UseAsianBreakRules\/>    <w:DontGrowAutofit\/>   <\/w:Compatibility>   <w:BrowserLevel>MicrosoftInternetExplorer4<\/w:BrowserLevel>  <\/w:WordDocument> <\/xml><![endif]--><!--[if gte mso 9]><xml>  <w:LatentStyles DefLockedState=\"false\" LatentStyleCount=\"156\">  <\/w:LatentStyles> <\/xml><![endif]--><!--[if !mso]>\n\n<div   classid=\"clsid:38481807-CA0E-42D2-BF39-B33AF135CC4D\" id=ieooui><\/div>\n\n \n\n<style> st1\\:*{behavior:url(#ieooui) } <\/style>\n\n <![endif]--> <!--  \/* Font Definitions *\/  @font-face \t{font-family:Tahoma; \tpanose-1:2 11 6 4 3 5 4 4 2 4; \tmso-font-charset:0; \tmso-generic-font-family:swiss; \tmso-font-pitch:variable; \tmso-font-signature:1627421319 -2147483648 8 0 66047 0;}  \/* Style Definitions *\/  p.MsoNormal, li.MsoNormal, div.MsoNormal \t{mso-style-parent:\"\"; \tmargin:0cm; \tmargin-bottom:.0001pt; \tmso-pagination:widow-orphan; \tfont-size:12.0pt; \tfont-family:\"Times New Roman\"; \tmso-fareast-font-family:\"Times New Roman\";} @page Section1 \t{size:612.0pt 792.0pt; \tmargin:70.85pt 3.0cm 70.85pt 3.0cm; \tmso-header-margin:36.0pt; \tmso-footer-margin:36.0pt; \tmso-paper-source:0;} div.Section1 \t{page:Section1;} --> <!--[if gte mso 10]> \n\n<style>  \/* Style Definitions *\/  table.MsoNormalTable \t{mso-style-name:\"Tabla normal\"; \tmso-tstyle-rowband-size:0; \tmso-tstyle-colband-size:0; \tmso-style-noshow:yes; \tmso-style-parent:\"\"; \tmso-padding-alt:0cm 5.4pt 0cm 5.4pt; \tmso-para-margin:0cm; \tmso-para-margin-bottom:.0001pt; \tmso-pagination:widow-orphan; \tfont-size:10.0pt; \tfont-family:\"Times New Roman\"; \tmso-ansi-language:#0400; \tmso-fareast-language:#0400; \tmso-bidi-language:#0400;} <\/style>\n\n <![endif]-->    <\/p>\n<p style=\"text-align: center\" class=\"MsoNormal\" align=\"center\"><strong><span style=\"font-size: 11pt; font-family: Tahoma; color: #003300\"><font color=\"#000000\"><em>\u201cProclama mi alma la grandeza del se\u00f1or\u201d (LC. 1,46)<\/em><\/font><\/span><\/strong><span style=\"font-size: 10pt; font-family: Tahoma\"> <br \/><\/span><\/p>\n<p class=\"MsoNormal\">  <span style=\"font-size: 10pt; font-family: Tahoma\"> <a href=\"http:\/\/1.bp.blogspot.com\/_Dl5zl2Tn-es\/SpUk5yEyn2I\/AAAAAAAAAFM\/Q-3hs-iyVLc\/s1600-h\/Adolfo+Acosta+2+jpg.jpg\"><img loading=\"lazy\" decoding=\"async\" src=\"http:\/\/1.bp.blogspot.com\/_Dl5zl2Tn-es\/SpUk5yEyn2I\/AAAAAAAAAFM\/Q-3hs-iyVLc\/s320\/Adolfo+Acosta+2+jpg.jpg\" border=\"0\" width=\"126\" height=\"149\" align=\"left\" \/><\/a>  La  Orden Siervos<\/span><span style=\"font-size: 10pt; font-family: Tahoma\"> de Mar\u00eda de la provincia de Santa Mar\u00eda de los Andes<\/span><span style=\"font-size: 10pt; font-family: Tahoma\">, la comunidad Asunci\u00f3n de Mar\u00eda<\/span><span style=\"font-size: 10pt; font-family: Tahoma\"> y la familia Acosta Avalos invitan a la ordenaci\u00f3n sacerdotal<span> <\/span>de: <\/span><strong><span style=\"font-size: 10pt; font-family: Tahoma\">FRAY<span>\u00a0 <\/span>ADOLFO<span>\u00a0 <\/span>M. ACOSTA<span>\u00a0 <\/span>AVALOS.<\/span><\/strong><\/p>\n<\/div>","protected":false},"author":1,"featured_media":0,"comment_status":"open","ping_status":"open","sticky":false,"template":"","format":"standard","meta":{"footnotes":""},"categories":[28],"tags":[],"class_list":["post-141","post","type-post","status-publish","format-standard","hentry","category-latest-news"],"_links":{"self":[{"href":"https:\/\/www.obispadorqta.org.ar\/v3\/wp-json\/wp\/v2\/posts\/141","targetHints":{"allow":["GET"]}}],"collection":[{"href":"https:\/\/www.obispadorqta.org.ar\/v3\/wp-json\/wp\/v2\/posts"}],"about":[{"href":"https:\/\/www.obispadorqta.org.ar\/v3\/wp-json\/wp\/v2\/types\/post"}],"author":[{"embeddable":true,"href":"https:\/\/www.obispadorqta.org.ar\/v3\/wp-json\/wp\/v2\/users\/1"}],"replies":[{"embeddable":true,"href":"https:\/\/www.obispadorqta.org.ar\/v3\/wp-json\/wp\/v2\/comments?post=141"}],"version-history":[{"count":0,"href":"https:\/\/www.obispadorqta.org.ar\/v3\/wp-json\/wp\/v2\/posts\/141\/revisions"}],"wp:attachment":[{"href":"https:\/\/www.obispadorqta.org.ar\/v3\/wp-json\/wp\/v2\/media?parent=141"}],"wp:term":[{"taxonomy":"category","embeddable":true,"href":"https:\/\/www.obispadorqta.org.ar\/v3\/wp-json\/wp\/v2\/categories?post=141"},{"taxonomy":"post_tag","embeddable":true,"href":"https:\/\/www.obispadorqta.org.ar\/v3\/wp-json\/wp\/v2\/tags?post=141"}],"curies":[{"name":"wp","href":"https:\/\/api.w.org\/{rel}","templated":true}]}}