{"id":142,"date":"2009-08-26T12:55:44","date_gmt":"2009-08-26T12:55:44","guid":{"rendered":"http:\/\/www.obispadorqta.org.ar\/v3\/el-pbro-qcocheq-masin-partira-hacia-roma\/"},"modified":"2009-08-26T12:55:44","modified_gmt":"2009-08-26T12:55:44","slug":"el-pbro-qcocheq-masin-partira-hacia-roma","status":"publish","type":"post","link":"https:\/\/www.obispadorqta.org.ar\/v3\/el-pbro-qcocheq-masin-partira-hacia-roma\/","title":{"rendered":"EL Pbro. \u00abCoche\u00bb Mas\u00edn partir\u00e1 hacia Roma"},"content":{"rendered":"<p><!--[if gte mso 9]><xml>  <w:WordDocument>   <w:View>Normal<\/w:View>   <w:Zoom>0<\/w:Zoom>   <w:HyphenationZone>21<\/w:HyphenationZone>   <w:PunctuationKerning\/>   <w:ValidateAgainstSchemas\/>   <w:SaveIfXMLInvalid>false<\/w:SaveIfXMLInvalid>   <w:IgnoreMixedContent>false<\/w:IgnoreMixedContent>   <w:AlwaysShowPlaceholderText>false<\/w:AlwaysShowPlaceholderText>   <w:Compatibility>    <w:BreakWrappedTables\/>    <w:SnapToGridInCell\/>    <w:WrapTextWithPunct\/>    <w:UseAsianBreakRules\/>    <w:DontGrowAutofit\/>   <\/w:Compatibility>   <w:BrowserLevel>MicrosoftInternetExplorer4<\/w:BrowserLevel>  <\/w:WordDocument> <\/xml><![endif]--><!--[if gte mso 9]><xml>  <w:LatentStyles DefLockedState=\"false\" LatentStyleCount=\"156\">  <\/w:LatentStyles> <\/xml><![endif]--><!--[if !mso]>\n\n<div   classid=\"clsid:38481807-CA0E-42D2-BF39-B33AF135CC4D\" id=ieooui><\/div>\n\n \n\n<style> st1\\:*{behavior:url(#ieooui) } <\/style>\n\n <![endif]--> <!--  \/* Font Definitions *\/  @font-face \t{font-family:Tahoma; \tpanose-1:2 11 6 4 3 5 4 4 2 4; \tmso-font-charset:0; \tmso-generic-font-family:swiss; \tmso-font-pitch:variable; \tmso-font-signature:1627421319 -2147483648 8 0 66047 0;}  \/* Style Definitions *\/  p.MsoNormal, li.MsoNormal, div.MsoNormal \t{mso-style-parent:\"\"; \tmargin:0cm; \tmargin-bottom:.0001pt; \tmso-pagination:widow-orphan; \tfont-size:12.0pt; \tfont-family:\"Times New Roman\"; \tmso-fareast-font-family:\"Times New Roman\";} @page Section1 \t{size:612.0pt 792.0pt; \tmargin:70.85pt 3.0cm 70.85pt 3.0cm; \tmso-header-margin:36.0pt; \tmso-footer-margin:36.0pt; \tmso-paper-source:0;} div.Section1 \t{page:Section1;} --> <!--[if gte mso 10]> \n\n<style>  \/* Style Definitions *\/  table.MsoNormalTable \t{mso-style-name:\"Tabla normal\"; \tmso-tstyle-rowband-size:0; \tmso-tstyle-colband-size:0; \tmso-style-noshow:yes; \tmso-style-parent:\"\"; \tmso-padding-alt:0cm 5.4pt 0cm 5.4pt; \tmso-para-margin:0cm; \tmso-para-margin-bottom:.0001pt; \tmso-pagination:widow-orphan; \tfont-size:10.0pt; \tfont-family:\"Times New Roman\"; \tmso-ansi-language:#0400; \tmso-fareast-language:#0400; \tmso-bidi-language:#0400;} <\/style>\n\n <![endif]-->  <\/p>\n<h5 style=\"text-align: center\" class=\"MsoNormal\" align=\"center\"><strong><span style=\"font-size: 10pt; font-family: Tahoma\">El Pbro. \u00c1ngel \u201cCoche\u201d Mas\u00edn partir\u00e1 hacia Roma para profundizar sus estudios B\u00edblicos<\/span><\/strong><\/h5>\n<p style=\"text-align: justify\" class=\"MsoNormal\"><span style=\"font-size: 10pt; font-family: Tahoma\">\u00a0El Pbro. \u00c1ngel <\/span><span style=\"font-size: 10pt; font-family: Tahoma\"><a href=\"http:\/\/3.bp.blogspot.com\/_Dl5zl2Tn-es\/SpP0rGitZyI\/AAAAAAAAAEs\/C4beURsmAWw\/s1600-h\/P1010474.JPG\"><img loading=\"lazy\" decoding=\"async\" src=\"http:\/\/3.bp.blogspot.com\/_Dl5zl2Tn-es\/SpP0rGitZyI\/AAAAAAAAAEs\/C4beURsmAWw\/s320\/P1010474.JPG\" border=\"0\" width=\"158\" height=\"196\" align=\"left\" \/><\/a><\/span><span style=\"font-size: 10pt; font-family: Tahoma\">\u201cCoche\u201d Mas\u00edn, quiso compartir algunas reflexiones antes de su inminente partida hacia Roma para continuar con sus estudios b\u00edblicos.<\/span><\/p>\n<p style=\"text-align: justify\" class=\"MsoNormal\"><em><span style=\"font-size: 10pt; font-family: Tahoma\">Ante todo, quisiera expresar que asumo esta nueva etapa con gratitud y compromiso. Gratitud a Dios, por brindarme esta oportunidad de refundar mi vida sacerdotal en la escucha de la Palabra y profundizar en la comprensi\u00f3n de la misma para un mejor servicio al Pueblo de Dios. Tambi\u00e9n mi agradecimiento a Monse\u00f1or Ram\u00f3n Alfredo Dus y a todo el presbiterio de Reconquista, por el sincero y c\u00e1lido apoyo que me brindaron para discernir y asumir esta decisi\u00f3n.<\/span><\/em><\/p>\n<p style=\"text-align: justify\" class=\"MsoNormal\"><em><span style=\"font-size: 10pt; font-family: Tahoma\">No considero que este tiempo sea un par\u00e9ntesis en mi ministerio sacerdotal y en mi servicio a la di\u00f3cesis de Reconquista. Me siento enviado por la Iglesia diocesana. Y profundamente comprometido con sus sue\u00f1os, sus luchas, sus gozos y sus esperanzas. <\/span><\/em><\/p>\n<p style=\"text-align: justify\" class=\"MsoNormal\"><em><span style=\"font-size: 10pt; font-family: Tahoma\">Es esta Iglesia particular la que me ense\u00f1\u00f3 a gustar y a amar la Palabra, la que me ofreci\u00f3 especiales oportunidades de crecimiento para servir mejor a la Palabra y es a esta Iglesia particular a la que quiero servir, cada d\u00eda mejor.<\/span><\/em><\/p>\n<p style=\"text-align: justify\" class=\"MsoNormal\"><em><span style=\"font-size: 10pt; font-family: Tahoma\">Por eso, mi saludo cercano y afectuoso a todos y a cada uno de los que caminamos como Iglesia de Jes\u00fas en estas tierras. Un especial recuerdo para todas las comunidades con las que compartimos durante alg\u00fan tiempo la vida y la tarea pastoral, y por supuesto, para la querida comunidad de la parroquia Nuestra Se\u00f1ora del Huerto, de Malabrigo, que me regal\u00f3 la fe y que con fe y cari\u00f1o me acept\u00f3 como su pastor durante estos \u00faltimos\u00a0dos a\u00f1os y medio. Me encomiendo a sus oraciones y confi\u00f3 que sigamos unidos en el servicio del Se\u00f1or.<\/span><\/em><\/p>\n<p style=\"text-align: justify\" class=\"MsoNormal\"><em><span style=\"font-size: 10pt; font-family: Tahoma\">Finalmente, quiero saludar con respeto a todos los lectores que no pertenecen a la di\u00f3cesis, o que tienen otros credos u otras visiones de la vida. Pienso que cada paso que damos en vistas a que nuestra humanidad se vaya planificando, es una noble empresa. Sin mayores pretensiones, es esto lo que estoy buscando y mi mayor deseo es que juntos podamos caminar hacia una humanidad cada vez m\u00e1s plena.<\/span><\/em><\/p>\n<p style=\"text-align: justify\" class=\"MsoNormal\"><span style=\"font-size: 10pt; font-family: Tahoma\"><em>Con afecto fraterno.<\/em><\/span><\/p>\n<p style=\"text-align: right\" class=\"MsoNormal\" align=\"right\"><em><span style=\"font-size: 10pt; font-family: Tahoma\">P. \u00c1ngel Jos\u00e9 Macin<\/span><\/em><\/p>\n<p style=\"text-align: right\" class=\"MsoNormal\" align=\"right\"><em><span style=\"font-size: 10pt; font-family: Tahoma\"><span>\u00a0<\/span>(SEPER Noticias)<\/span><\/em><\/p>\n","protected":false},"excerpt":{"rendered":"<div class=\"mh-excerpt\"><p><!--[if gte mso 9]><xml>  <w:WordDocument>   <w:View>Normal<\/w:View>   <w:Zoom>0<\/w:Zoom>   <w:HyphenationZone>21<\/w:HyphenationZone>   <w:PunctuationKerning\/>   <w:ValidateAgainstSchemas\/>   <w:SaveIfXMLInvalid>false<\/w:SaveIfXMLInvalid>   <w:IgnoreMixedContent>false<\/w:IgnoreMixedContent>   <w:AlwaysShowPlaceholderText>false<\/w:AlwaysShowPlaceholderText>   <w:Compatibility>    <w:BreakWrappedTables\/>    <w:SnapToGridInCell\/>    <w:WrapTextWithPunct\/>    <w:UseAsianBreakRules\/>    <w:DontGrowAutofit\/>   <\/w:Compatibility>   <w:BrowserLevel>MicrosoftInternetExplorer4<\/w:BrowserLevel>  <\/w:WordDocument> <\/xml><![endif]--><!--[if gte mso 9]><xml>  <w:LatentStyles DefLockedState=\"false\" LatentStyleCount=\"156\">  <\/w:LatentStyles> <\/xml><![endif]--><!--[if !mso]>\n\n<div   classid=\"clsid:38481807-CA0E-42D2-BF39-B33AF135CC4D\" id=ieooui><\/div>\n\n \n\n<style> st1\\:*{behavior:url(#ieooui) } <\/style>\n\n <![endif]--> <!--  \/* Font Definitions *\/  @font-face \t{font-family:Tahoma; \tpanose-1:2 11 6 4 3 5 4 4 2 4; \tmso-font-charset:0; \tmso-generic-font-family:swiss; \tmso-font-pitch:variable; \tmso-font-signature:1627421319 -2147483648 8 0 66047 0;}  \/* Style Definitions *\/  p.MsoNormal, li.MsoNormal, div.MsoNormal \t{mso-style-parent:\"\"; \tmargin:0cm; \tmargin-bottom:.0001pt; \tmso-pagination:widow-orphan; \tfont-size:12.0pt; \tfont-family:\"Times New Roman\"; \tmso-fareast-font-family:\"Times New Roman\";} @page Section1 \t{size:612.0pt 792.0pt; \tmargin:70.85pt 3.0cm 70.85pt 3.0cm; \tmso-header-margin:36.0pt; \tmso-footer-margin:36.0pt; \tmso-paper-source:0;} div.Section1 \t{page:Section1;} --> <!--[if gte mso 10]> \n\n<style>  \/* Style Definitions *\/  table.MsoNormalTable \t{mso-style-name:\"Tabla normal\"; \tmso-tstyle-rowband-size:0; \tmso-tstyle-colband-size:0; \tmso-style-noshow:yes; \tmso-style-parent:\"\"; \tmso-padding-alt:0cm 5.4pt 0cm 5.4pt; \tmso-para-margin:0cm; \tmso-para-margin-bottom:.0001pt; \tmso-pagination:widow-orphan; \tfont-size:10.0pt; \tfont-family:\"Times New Roman\"; \tmso-ansi-language:#0400; \tmso-fareast-language:#0400; \tmso-bidi-language:#0400;} <\/style>\n\n <![endif]-->  <\/p>\n<h5 style=\"text-align: center\" class=\"MsoNormal\" align=\"center\"><strong><span style=\"font-size: 10pt; font-family: Tahoma\">El Pbro. \u00c1ngel \u201cCoche\u201d Mas\u00edn partir\u00e1 hacia Roma para profundizar sus estudios B\u00edblicos<\/span><\/strong><\/h5>\n<p style=\"text-align: justify\" class=\"MsoNormal\"><span style=\"font-size: 10pt; font-family: Tahoma\">\u00a0El Pbro. \u00c1ngel <\/span><span style=\"font-size: 10pt; font-family: Tahoma\"><a href=\"http:\/\/3.bp.blogspot.com\/_Dl5zl2Tn-es\/SpP0rGitZyI\/AAAAAAAAAEs\/C4beURsmAWw\/s1600-h\/P1010474.JPG\"><img loading=\"lazy\" decoding=\"async\" src=\"http:\/\/3.bp.blogspot.com\/_Dl5zl2Tn-es\/SpP0rGitZyI\/AAAAAAAAAEs\/C4beURsmAWw\/s320\/P1010474.JPG\" border=\"0\" width=\"158\" height=\"196\" align=\"left\" \/><\/a><\/span><span style=\"font-size: 10pt; font-family: Tahoma\">\u201cCoche\u201d Mas\u00edn, quiso compartir algunas reflexiones antes de su inminente partida hacia Roma para continuar con sus estudios b\u00edblicos.<\/span><\/p>\n<p style=\"text-align: justify\" class=\"MsoNormal\"><em><span style=\"font-size: 10pt; font-family: Tahoma\">Ante todo, quisiera expresar que asumo esta nueva etapa con gratitud y compromiso. Gratitud a Dios, por brindarme esta oportunidad de refundar mi vida sacerdotal en la escucha de la Palabra y profundizar en la comprensi\u00f3n de la misma para un mejor servicio al Pueblo de Dios. Tambi\u00e9n mi agradecimiento a Monse\u00f1or Ram\u00f3n Alfredo Dus y a todo el presbiterio de Reconquista, por el sincero y c\u00e1lido apoyo que me brindaron para discernir y asumir esta decisi\u00f3n.<\/span><\/em><\/p>\n<\/div>","protected":false},"author":1,"featured_media":0,"comment_status":"open","ping_status":"open","sticky":false,"template":"","format":"standard","meta":{"footnotes":""},"categories":[28],"tags":[],"class_list":["post-142","post","type-post","status-publish","format-standard","hentry","category-latest-news"],"_links":{"self":[{"href":"https:\/\/www.obispadorqta.org.ar\/v3\/wp-json\/wp\/v2\/posts\/142","targetHints":{"allow":["GET"]}}],"collection":[{"href":"https:\/\/www.obispadorqta.org.ar\/v3\/wp-json\/wp\/v2\/posts"}],"about":[{"href":"https:\/\/www.obispadorqta.org.ar\/v3\/wp-json\/wp\/v2\/types\/post"}],"author":[{"embeddable":true,"href":"https:\/\/www.obispadorqta.org.ar\/v3\/wp-json\/wp\/v2\/users\/1"}],"replies":[{"embeddable":true,"href":"https:\/\/www.obispadorqta.org.ar\/v3\/wp-json\/wp\/v2\/comments?post=142"}],"version-history":[{"count":0,"href":"https:\/\/www.obispadorqta.org.ar\/v3\/wp-json\/wp\/v2\/posts\/142\/revisions"}],"wp:attachment":[{"href":"https:\/\/www.obispadorqta.org.ar\/v3\/wp-json\/wp\/v2\/media?parent=142"}],"wp:term":[{"taxonomy":"category","embeddable":true,"href":"https:\/\/www.obispadorqta.org.ar\/v3\/wp-json\/wp\/v2\/categories?post=142"},{"taxonomy":"post_tag","embeddable":true,"href":"https:\/\/www.obispadorqta.org.ar\/v3\/wp-json\/wp\/v2\/tags?post=142"}],"curies":[{"name":"wp","href":"https:\/\/api.w.org\/{rel}","templated":true}]}}