{"id":144,"date":"2009-08-27T14:03:22","date_gmt":"2009-08-27T14:03:22","guid":{"rendered":"http:\/\/www.obispadorqta.org.ar\/v3\/comision-diocesana-de-justicia-y-paz\/"},"modified":"2009-08-27T14:03:22","modified_gmt":"2009-08-27T14:03:22","slug":"comision-diocesana-de-justicia-y-paz","status":"publish","type":"post","link":"https:\/\/www.obispadorqta.org.ar\/v3\/comision-diocesana-de-justicia-y-paz\/","title":{"rendered":"Comisi\u00f3n Diocesana de Justicia y Paz"},"content":{"rendered":"<p><span style=\"line-height: 1.3em\"><strong>Asesor Diocesano: Pbro. Javier Ubaldo Pividori\u00a0<\/strong><\/span><\/p>\n<p><font face=\"arial,helvetica,sans-serif\"><strong>Coordinadora: Srta. SILVINA PICECH<\/strong><br \/><\/font><\/p>\n<p><font face=\"arial,helvetica,sans-serif\">E-mail: justiciaypazrqsta@hotmail.com<\/font><\/p>\n<p>&nbsp;<\/p>\n<hr width=\"100%\" size=\"2\" \/>\n<p>La Comisi\u00f3n \u00abJusticia y Paz\u00bb del Obispado de Reconquista naci\u00f3 en los umbrales del tercer milenio, como iniciativa de quien fuera en ese momento Obispo de nuestra Di\u00f3cesis, Mons. Juan Rub\u00e9n Mart\u00ednez.<\/p>\n<p>Hacer conocer la Doctrina Social de la Iglesia, alentar y promover el compromiso de los laicos en la construcci\u00f3n de la sociedad y acompa\u00f1ar a la dirigencia pol\u00edtica, fueron los ejes fundacionales de esta Comisi\u00f3n.<\/p>\n<p>Los miembros que integran esta Comisi\u00f3n Diocesana provienen de distintos \u00e1mbitos sociales de la ciudad de Reconquista.<\/p>\n<p>La Comisi\u00f3n Diocesana de Justicia y Paz, como todas las comisiones diocesanas, dependen directamente del Obispo, con quien colaboran algunos asesores. En la asesor\u00eda de esta Comisi\u00f3n colabora con el Obispo el Pbro. Tom\u00e1s Jos\u00e9 Spanghero.<\/p>\n<p>Los primeros pasos que dio esta comisi\u00f3n fue con la dirigencia pol\u00edtica. Se hicieron reuniones en distintos lugares de la Di\u00f3cesis para comunicarle a los dirigentes, muchos de ellos cristianos, que la Iglesia los alentaba en esta tarea de compromiso en la b\u00fasqueda, promoci\u00f3n y construcci\u00f3n del Bien Com\u00fan.<\/p>\n<p>Con ellos se hicieron jornadas de reflexi\u00f3n, pero tambi\u00e9n de trabajos; analizando la realidad del norte santafesino y buscando alguna salida ante situaciones muy graves por la que atraviesan miles de familias de la Di\u00f3cesis de Reconquista.<\/p>\n<p>Hubieron en este tiempo distintos encuentros, reuniones y debates con autoridades comunales, municipales y provinciales, con responsables de sindicatos, empresas, fuerzas de seguridad y con la Justicia.<\/p>\n<p>Esta comisi\u00f3n no estuvo ni est\u00e1 ausente ante problem\u00e1ticas de asesinatos no esclarecidos, el auge de la droga, los cierres de fuentes de trabajos, conflictos gremiales y laborales, temas referidos a la propiedad de la tierra, los planteos de las comunidades abor\u00edgenes, los remates de tierras, los despidos de obreros, etc.<\/p>\n<p>Son muchos los dolores de nuestro pueblo. La Comisi\u00f3n de Justicia y Paz ofrece espacios de encuentro y de di\u00e1logo en la b\u00fasqueda de soluciones en los conflictos sociales, pol\u00edticos y econ\u00f3micos que nos aquejan.<\/p>\n<p>La comisi\u00f3n nunca quiso -ni lo har\u00e1- convertirse ni en juez ni en reemplazante de las instituciones que tiene la comunidad, tampoco de ser voz de los que muchas veces no pueden expresarse; al contrario, su transversal objetivo es posibilitar gestiones para que puedan hacerse escuchar aquellos que, por disintos motivos no son escuchados o respetados en si dignidad.<br \/>\u00a0<\/p>\n","protected":false},"excerpt":{"rendered":"<div class=\"mh-excerpt\"><p>Asesor Diocesano: Pbro. Javier Ubaldo Pividori\u00a0 Coordinadora: Srta. SILVINA PICECH E-mail: justiciaypazrqsta@hotmail.com &nbsp; La Comisi\u00f3n \u00abJusticia y Paz\u00bb del Obispado de Reconquista naci\u00f3 en los <a class=\"mh-excerpt-more\" href=\"https:\/\/www.obispadorqta.org.ar\/v3\/comision-diocesana-de-justicia-y-paz\/\" title=\"Comisi\u00f3n Diocesana de Justicia y Paz\">[&#8230;]<\/a><\/p>\n<\/div>","protected":false},"author":1,"featured_media":0,"comment_status":"open","ping_status":"open","sticky":false,"template":"","format":"standard","meta":{"footnotes":""},"categories":[41],"tags":[],"class_list":["post-144","post","type-post","status-publish","format-standard","hentry","category-comisionesdiocesanas"],"_links":{"self":[{"href":"https:\/\/www.obispadorqta.org.ar\/v3\/wp-json\/wp\/v2\/posts\/144","targetHints":{"allow":["GET"]}}],"collection":[{"href":"https:\/\/www.obispadorqta.org.ar\/v3\/wp-json\/wp\/v2\/posts"}],"about":[{"href":"https:\/\/www.obispadorqta.org.ar\/v3\/wp-json\/wp\/v2\/types\/post"}],"author":[{"embeddable":true,"href":"https:\/\/www.obispadorqta.org.ar\/v3\/wp-json\/wp\/v2\/users\/1"}],"replies":[{"embeddable":true,"href":"https:\/\/www.obispadorqta.org.ar\/v3\/wp-json\/wp\/v2\/comments?post=144"}],"version-history":[{"count":0,"href":"https:\/\/www.obispadorqta.org.ar\/v3\/wp-json\/wp\/v2\/posts\/144\/revisions"}],"wp:attachment":[{"href":"https:\/\/www.obispadorqta.org.ar\/v3\/wp-json\/wp\/v2\/media?parent=144"}],"wp:term":[{"taxonomy":"category","embeddable":true,"href":"https:\/\/www.obispadorqta.org.ar\/v3\/wp-json\/wp\/v2\/categories?post=144"},{"taxonomy":"post_tag","embeddable":true,"href":"https:\/\/www.obispadorqta.org.ar\/v3\/wp-json\/wp\/v2\/tags?post=144"}],"curies":[{"name":"wp","href":"https:\/\/api.w.org\/{rel}","templated":true}]}}