{"id":145,"date":"2009-08-27T14:04:03","date_gmt":"2009-08-27T14:04:03","guid":{"rendered":"http:\/\/www.obispadorqta.org.ar\/v3\/comision-diocesana-de-vocacion\/"},"modified":"2022-12-30T10:43:27","modified_gmt":"2022-12-30T13:43:27","slug":"comision-diocesana-de-vocacion","status":"publish","type":"post","link":"https:\/\/www.obispadorqta.org.ar\/v3\/comision-diocesana-de-vocacion\/","title":{"rendered":"Comisi\u00f3n Diocesana de Vocaci\u00f3n"},"content":{"rendered":"<p><span style=\"font-family: arial,helvetica,sans-serif;\"><strong>Asesor Diocesano:\u00a0<\/strong><\/span><\/p>\n<p><span style=\"font-family: arial,helvetica,sans-serif;\">Tel. 03483-466270<\/span><\/p>\n<p><span style=\"font-family: arial,helvetica,sans-serif;\"><strong>Miembros:<\/strong><br \/>\n&#8211; Pbro. Sergio Vicent\u00edn<br \/>\n&#8211; Pbro. Javier Pividori<br \/>\n&#8211; Hna. Mirta Fant\u00edn<br \/>\n&#8211; Nicolasa G\u00f3mez<br \/>\n&#8211; Evi Juana Furl\u00e1n de Olvera<\/span><\/p>\n","protected":false},"excerpt":{"rendered":"<div class=\"mh-excerpt\"><p>Asesor Diocesano:\u00a0 Tel. 03483-466270 Miembros: &#8211; Pbro. Sergio Vicent\u00edn &#8211; Pbro. Javier Pividori &#8211; Hna. Mirta Fant\u00edn &#8211; Nicolasa G\u00f3mez &#8211; Evi Juana Furl\u00e1n de <a class=\"mh-excerpt-more\" href=\"https:\/\/www.obispadorqta.org.ar\/v3\/comision-diocesana-de-vocacion\/\" title=\"Comisi\u00f3n Diocesana de Vocaci\u00f3n\">[&#8230;]<\/a><\/p>\n<\/div>","protected":false},"author":1,"featured_media":0,"comment_status":"open","ping_status":"open","sticky":false,"template":"","format":"standard","meta":{"footnotes":""},"categories":[41],"tags":[],"class_list":["post-145","post","type-post","status-publish","format-standard","hentry","category-comisionesdiocesanas"],"_links":{"self":[{"href":"https:\/\/www.obispadorqta.org.ar\/v3\/wp-json\/wp\/v2\/posts\/145","targetHints":{"allow":["GET"]}}],"collection":[{"href":"https:\/\/www.obispadorqta.org.ar\/v3\/wp-json\/wp\/v2\/posts"}],"about":[{"href":"https:\/\/www.obispadorqta.org.ar\/v3\/wp-json\/wp\/v2\/types\/post"}],"author":[{"embeddable":true,"href":"https:\/\/www.obispadorqta.org.ar\/v3\/wp-json\/wp\/v2\/users\/1"}],"replies":[{"embeddable":true,"href":"https:\/\/www.obispadorqta.org.ar\/v3\/wp-json\/wp\/v2\/comments?post=145"}],"version-history":[{"count":1,"href":"https:\/\/www.obispadorqta.org.ar\/v3\/wp-json\/wp\/v2\/posts\/145\/revisions"}],"predecessor-version":[{"id":8407,"href":"https:\/\/www.obispadorqta.org.ar\/v3\/wp-json\/wp\/v2\/posts\/145\/revisions\/8407"}],"wp:attachment":[{"href":"https:\/\/www.obispadorqta.org.ar\/v3\/wp-json\/wp\/v2\/media?parent=145"}],"wp:term":[{"taxonomy":"category","embeddable":true,"href":"https:\/\/www.obispadorqta.org.ar\/v3\/wp-json\/wp\/v2\/categories?post=145"},{"taxonomy":"post_tag","embeddable":true,"href":"https:\/\/www.obispadorqta.org.ar\/v3\/wp-json\/wp\/v2\/tags?post=145"}],"curies":[{"name":"wp","href":"https:\/\/api.w.org\/{rel}","templated":true}]}}