{"id":1482,"date":"2017-01-19T12:58:25","date_gmt":"2017-01-19T12:58:25","guid":{"rendered":"http:\/\/www.obispadorqta.org.ar\/v3\/?p=1482"},"modified":"2025-10-30T09:09:41","modified_gmt":"2025-10-30T12:09:41","slug":"carneiro-diego-luciano","status":"publish","type":"post","link":"https:\/\/www.obispadorqta.org.ar\/v3\/carneiro-diego-luciano\/","title":{"rendered":"CARNEIRO, Diego Luciano"},"content":{"rendered":"<p><u><strong>Datos personales<\/strong><\/u><\/p>\n<p>Naci\u00f3 el 22 de octubre de 1986, en Calchaqu\u00ed, Provincia de Santa Fe.<\/p>\n<p><u><strong>Estudios realizados y formaci\u00f3n recibida<\/strong><\/u><\/p>\n<p>Recibi\u00f3 el Sacramento del Orden Sagrado en el grado de Presbiterado el 19 de diciembre de 2021.<\/p>\n<p><span style=\"color: #000000;\"><strong><u>Experiencia Pastoral:<\/u><\/strong><\/span><\/p>\n<p>\u2022 Vicario Parroquial de la parroquia \u201cInmaculada Concepci\u00f3n\u201d de Reconquista<\/p>\n<p>\u2022 P\u00e1rroco de la Parroquia \u00abNuestra Se\u00f1ora de Itat\u00ed\u00bb de Fort\u00edn Olmos<\/p>\n<p><u><strong>Oficio Pastoral Actual<\/strong><\/u><\/p>\n<p>\u2022 P\u00e1rroco de la Parroquia \u00abSan Luis Gonzaga\u00bb de Calchaqu\u00ed<\/p>\n<p><u><strong>Asesor\u00edas:<\/strong><\/u><\/p>\n","protected":false},"excerpt":{"rendered":"<div class=\"mh-excerpt\"><p>Datos personales Naci\u00f3 el 22 de octubre de 1986, en Calchaqu\u00ed, Provincia de Santa Fe. Estudios realizados y formaci\u00f3n recibida Recibi\u00f3 el Sacramento del Orden <a class=\"mh-excerpt-more\" href=\"https:\/\/www.obispadorqta.org.ar\/v3\/carneiro-diego-luciano\/\" title=\"CARNEIRO, Diego Luciano\">[&#8230;]<\/a><\/p>\n<\/div>","protected":false},"author":2,"featured_media":7126,"comment_status":"closed","ping_status":"open","sticky":false,"template":"","format":"standard","meta":{"footnotes":""},"categories":[59],"tags":[],"class_list":["post-1482","post","type-post","status-publish","format-standard","has-post-thumbnail","hentry","category-presbiteros-diocesanos"],"_links":{"self":[{"href":"https:\/\/www.obispadorqta.org.ar\/v3\/wp-json\/wp\/v2\/posts\/1482","targetHints":{"allow":["GET"]}}],"collection":[{"href":"https:\/\/www.obispadorqta.org.ar\/v3\/wp-json\/wp\/v2\/posts"}],"about":[{"href":"https:\/\/www.obispadorqta.org.ar\/v3\/wp-json\/wp\/v2\/types\/post"}],"author":[{"embeddable":true,"href":"https:\/\/www.obispadorqta.org.ar\/v3\/wp-json\/wp\/v2\/users\/2"}],"replies":[{"embeddable":true,"href":"https:\/\/www.obispadorqta.org.ar\/v3\/wp-json\/wp\/v2\/comments?post=1482"}],"version-history":[{"count":5,"href":"https:\/\/www.obispadorqta.org.ar\/v3\/wp-json\/wp\/v2\/posts\/1482\/revisions"}],"predecessor-version":[{"id":11616,"href":"https:\/\/www.obispadorqta.org.ar\/v3\/wp-json\/wp\/v2\/posts\/1482\/revisions\/11616"}],"wp:featuredmedia":[{"embeddable":true,"href":"https:\/\/www.obispadorqta.org.ar\/v3\/wp-json\/wp\/v2\/media\/7126"}],"wp:attachment":[{"href":"https:\/\/www.obispadorqta.org.ar\/v3\/wp-json\/wp\/v2\/media?parent=1482"}],"wp:term":[{"taxonomy":"category","embeddable":true,"href":"https:\/\/www.obispadorqta.org.ar\/v3\/wp-json\/wp\/v2\/categories?post=1482"},{"taxonomy":"post_tag","embeddable":true,"href":"https:\/\/www.obispadorqta.org.ar\/v3\/wp-json\/wp\/v2\/tags?post=1482"}],"curies":[{"name":"wp","href":"https:\/\/api.w.org\/{rel}","templated":true}]}}