{"id":1493,"date":"2017-01-19T13:09:27","date_gmt":"2017-01-19T13:09:27","guid":{"rendered":"http:\/\/www.obispadorqta.org.ar\/v3\/?p=1493"},"modified":"2017-04-19T13:09:37","modified_gmt":"2017-04-19T13:09:37","slug":"martinez-nestor-fabian","status":"publish","type":"post","link":"https:\/\/www.obispadorqta.org.ar\/v3\/martinez-nestor-fabian\/","title":{"rendered":"MART\u00cdNEZ, N\u00e9stor Fabi\u00e1n"},"content":{"rendered":"<p>Naci\u00f3 el 29 de diciembre del a\u00f1o 1994. De la ciudad de Reconquista. Se encuentra cursando 1\u00ba de Filosof\u00eda en el Seminario Interdiocesano \u00abLa Encarnaci\u00f3n\u00bb de Resistencia.<\/p>\n","protected":false},"excerpt":{"rendered":"<div class=\"mh-excerpt\"><p>Naci\u00f3 el 29 de diciembre del a\u00f1o 1994. De la ciudad de Reconquista. Se encuentra cursando 1\u00ba de Filosof\u00eda en el Seminario Interdiocesano \u00abLa Encarnaci\u00f3n\u00bb <a class=\"mh-excerpt-more\" href=\"https:\/\/www.obispadorqta.org.ar\/v3\/martinez-nestor-fabian\/\" title=\"MART\u00cdNEZ, N\u00e9stor Fabi\u00e1n\">[&#8230;]<\/a><\/p>\n<\/div>","protected":false},"author":2,"featured_media":0,"comment_status":"open","ping_status":"open","sticky":false,"template":"","format":"standard","meta":{"footnotes":""},"categories":[46],"tags":[],"class_list":["post-1493","post","type-post","status-publish","format-standard","hentry","category-seminaristas-seminaristas"],"_links":{"self":[{"href":"https:\/\/www.obispadorqta.org.ar\/v3\/wp-json\/wp\/v2\/posts\/1493","targetHints":{"allow":["GET"]}}],"collection":[{"href":"https:\/\/www.obispadorqta.org.ar\/v3\/wp-json\/wp\/v2\/posts"}],"about":[{"href":"https:\/\/www.obispadorqta.org.ar\/v3\/wp-json\/wp\/v2\/types\/post"}],"author":[{"embeddable":true,"href":"https:\/\/www.obispadorqta.org.ar\/v3\/wp-json\/wp\/v2\/users\/2"}],"replies":[{"embeddable":true,"href":"https:\/\/www.obispadorqta.org.ar\/v3\/wp-json\/wp\/v2\/comments?post=1493"}],"version-history":[{"count":1,"href":"https:\/\/www.obispadorqta.org.ar\/v3\/wp-json\/wp\/v2\/posts\/1493\/revisions"}],"predecessor-version":[{"id":1494,"href":"https:\/\/www.obispadorqta.org.ar\/v3\/wp-json\/wp\/v2\/posts\/1493\/revisions\/1494"}],"wp:attachment":[{"href":"https:\/\/www.obispadorqta.org.ar\/v3\/wp-json\/wp\/v2\/media?parent=1493"}],"wp:term":[{"taxonomy":"category","embeddable":true,"href":"https:\/\/www.obispadorqta.org.ar\/v3\/wp-json\/wp\/v2\/categories?post=1493"},{"taxonomy":"post_tag","embeddable":true,"href":"https:\/\/www.obispadorqta.org.ar\/v3\/wp-json\/wp\/v2\/tags?post=1493"}],"curies":[{"name":"wp","href":"https:\/\/api.w.org\/{rel}","templated":true}]}}