{"id":1495,"date":"2017-01-19T13:11:09","date_gmt":"2017-01-19T13:11:09","guid":{"rendered":"http:\/\/www.obispadorqta.org.ar\/v3\/?p=1495"},"modified":"2025-10-30T09:08:10","modified_gmt":"2025-10-30T12:08:10","slug":"muchiut-federico","status":"publish","type":"post","link":"https:\/\/www.obispadorqta.org.ar\/v3\/muchiut-federico\/","title":{"rendered":"MUCHIUT, Federico"},"content":{"rendered":"<p><u><strong>Datos personales<\/strong><\/u><\/p>\n<p>Naci\u00f3 el 26 de abril del a\u00f1o 1998 en la ciudad de Reconquista, Provincia de Santa Fe.<\/p>\n<p><u><strong>Estudios realizados y formaci\u00f3n recibida<\/strong><\/u><\/p>\n<p>Recibi\u00f3 el Sacramento del Orden Sagrado en el grado de Presbiterado el 03 de noviembre de 2024.<\/p>\n<p><u><strong>Oficio Pastoral Actual<\/strong><\/u><\/p>\n<p>\u2022 Vicario Parroquial de la parroquia \u201cInmaculada Concepci\u00f3n\u201d de Villa Ocampo.<\/p>\n<p>\u2022 Vice-Director del Instituto de Teolog\u00eda y Pastoral \u201cJuan Pablo II\u201d<\/p>\n<p><u><strong>Asesor\u00edas<\/strong><\/u><\/p>\n<p><u><strong>Domicilio:<\/strong><\/u>\u00a0Av. San Mart\u00edn N\u00ba 610, Avellaneda, Santa Fe.<\/p>\n","protected":false},"excerpt":{"rendered":"<div class=\"mh-excerpt\"><p>Datos personales Naci\u00f3 el 26 de abril del a\u00f1o 1998 en la ciudad de Reconquista, Provincia de Santa Fe. Estudios realizados y formaci\u00f3n recibida Recibi\u00f3 <a class=\"mh-excerpt-more\" href=\"https:\/\/www.obispadorqta.org.ar\/v3\/muchiut-federico\/\" title=\"MUCHIUT, Federico\">[&#8230;]<\/a><\/p>\n<\/div>","protected":false},"author":2,"featured_media":10244,"comment_status":"closed","ping_status":"open","sticky":false,"template":"","format":"standard","meta":{"footnotes":""},"categories":[16,59],"tags":[],"class_list":["post-1495","post","type-post","status-publish","format-standard","has-post-thumbnail","hentry","category-presbiteros","category-presbiteros-diocesanos"],"_links":{"self":[{"href":"https:\/\/www.obispadorqta.org.ar\/v3\/wp-json\/wp\/v2\/posts\/1495","targetHints":{"allow":["GET"]}}],"collection":[{"href":"https:\/\/www.obispadorqta.org.ar\/v3\/wp-json\/wp\/v2\/posts"}],"about":[{"href":"https:\/\/www.obispadorqta.org.ar\/v3\/wp-json\/wp\/v2\/types\/post"}],"author":[{"embeddable":true,"href":"https:\/\/www.obispadorqta.org.ar\/v3\/wp-json\/wp\/v2\/users\/2"}],"replies":[{"embeddable":true,"href":"https:\/\/www.obispadorqta.org.ar\/v3\/wp-json\/wp\/v2\/comments?post=1495"}],"version-history":[{"count":3,"href":"https:\/\/www.obispadorqta.org.ar\/v3\/wp-json\/wp\/v2\/posts\/1495\/revisions"}],"predecessor-version":[{"id":11614,"href":"https:\/\/www.obispadorqta.org.ar\/v3\/wp-json\/wp\/v2\/posts\/1495\/revisions\/11614"}],"wp:featuredmedia":[{"embeddable":true,"href":"https:\/\/www.obispadorqta.org.ar\/v3\/wp-json\/wp\/v2\/media\/10244"}],"wp:attachment":[{"href":"https:\/\/www.obispadorqta.org.ar\/v3\/wp-json\/wp\/v2\/media?parent=1495"}],"wp:term":[{"taxonomy":"category","embeddable":true,"href":"https:\/\/www.obispadorqta.org.ar\/v3\/wp-json\/wp\/v2\/categories?post=1495"},{"taxonomy":"post_tag","embeddable":true,"href":"https:\/\/www.obispadorqta.org.ar\/v3\/wp-json\/wp\/v2\/tags?post=1495"}],"curies":[{"name":"wp","href":"https:\/\/api.w.org\/{rel}","templated":true}]}}