{"id":1505,"date":"2017-04-20T14:22:06","date_gmt":"2017-04-20T14:22:06","guid":{"rendered":"http:\/\/www.obispadorqta.org.ar\/v3\/?p=1505"},"modified":"2017-04-20T15:03:45","modified_gmt":"2017-04-20T15:03:45","slug":"algunas-imagenes-del-encuentro-de-dialogo-y-reflexion-con-mons-angel-jose-macin","status":"publish","type":"post","link":"https:\/\/www.obispadorqta.org.ar\/v3\/algunas-imagenes-del-encuentro-de-dialogo-y-reflexion-con-mons-angel-jose-macin\/","title":{"rendered":"Algunas im\u00e1genes del encuentro de di\u00e1logo y reflexi\u00f3n con Mons. \u00c1ngel Jos\u00e9 Mac\u00edn"},"content":{"rendered":"<p>Compartimos con ustedes algunas im\u00e1genes del encuentro que se llevo a cabo el d\u00eda de ayer en la Sede Diocesana.<\/p>\n<p>Agradecemos a todos por haber participado y por el compromiso asumido por aquellos que trabajan para abordar esta problem\u00e1tica que tanto afecta nuestras comunidades y sociedad en general.<\/p>\n<p style=\"text-align: center;\"><img loading=\"lazy\" decoding=\"async\" class=\"aligncenter size-medium\" src=\"https:\/\/scontent-eze1-1.xx.fbcdn.net\/v\/t1.0-9\/18011099_1305761159520372_5782382278999540725_n.jpg?oh=6c69a47190ed5513a00ef5ad93db4763&amp;oe=5993E073\" width=\"960\" height=\"540\" \/><\/p>\n<p style=\"text-align: center;\"><img loading=\"lazy\" decoding=\"async\" class=\"aligncenter size-medium\" src=\"https:\/\/scontent-eze1-1.xx.fbcdn.net\/v\/t1.0-9\/17952021_1305761156187039_6853805770320652542_n.jpg?oh=699b056af5d81468e578cc2997833cc5&amp;oe=598C6D9E\" width=\"960\" height=\"540\" \/><\/p>\n<p style=\"text-align: center;\"><img loading=\"lazy\" decoding=\"async\" class=\"aligncenter size-medium\" src=\"https:\/\/scontent-eze1-1.xx.fbcdn.net\/v\/t1.0-9\/18010308_1305761316187023_4228002214132853854_n.jpg?oh=5a53da7711568562caf8171abb19f739&amp;oe=5983C419\" width=\"960\" height=\"540\" \/><\/p>\n<p style=\"text-align: center;\"><img loading=\"lazy\" decoding=\"async\" class=\"aligncenter size-medium\" src=\"https:\/\/scontent-eze1-1.xx.fbcdn.net\/v\/t1.0-9\/18034257_1305761269520361_9164665989990303470_n.jpg?oh=cd43bad2ba642c4a85c79270d9842325&amp;oe=598542E5\" width=\"960\" height=\"540\" \/><\/p>\n<p style=\"text-align: center;\"><img loading=\"lazy\" decoding=\"async\" class=\"wp-image-1513 aligncenter\" src=\"https:\/\/www.obispadorqta.org.ar\/v3\/wp-content\/uploads\/2017\/04\/IMG_5078-300x200.jpg\" alt=\"\" width=\"743\" height=\"496\" srcset=\"https:\/\/www.obispadorqta.org.ar\/v3\/wp-content\/uploads\/2017\/04\/IMG_5078-300x200.jpg 300w, https:\/\/www.obispadorqta.org.ar\/v3\/wp-content\/uploads\/2017\/04\/IMG_5078-768x512.jpg 768w, https:\/\/www.obispadorqta.org.ar\/v3\/wp-content\/uploads\/2017\/04\/IMG_5078-1024x683.jpg 1024w\" sizes=\"auto, (max-width: 743px) 100vw, 743px\" \/><\/p>\n<p style=\"text-align: center;\"><img loading=\"lazy\" decoding=\"async\" class=\"wp-image-1514 aligncenter\" src=\"https:\/\/www.obispadorqta.org.ar\/v3\/wp-content\/uploads\/2017\/04\/IMG_5076-300x200.jpg\" alt=\"\" width=\"735\" height=\"490\" srcset=\"https:\/\/www.obispadorqta.org.ar\/v3\/wp-content\/uploads\/2017\/04\/IMG_5076-300x200.jpg 300w, https:\/\/www.obispadorqta.org.ar\/v3\/wp-content\/uploads\/2017\/04\/IMG_5076-768x512.jpg 768w, https:\/\/www.obispadorqta.org.ar\/v3\/wp-content\/uploads\/2017\/04\/IMG_5076-1024x683.jpg 1024w\" sizes=\"auto, (max-width: 735px) 100vw, 735px\" \/><\/p>\n<p style=\"text-align: center;\"><img loading=\"lazy\" decoding=\"async\" class=\"aligncenter wp-image-1515\" src=\"https:\/\/www.obispadorqta.org.ar\/v3\/wp-content\/uploads\/2017\/04\/IMG_5077-300x200.jpg\" alt=\"\" width=\"734\" height=\"489\" srcset=\"https:\/\/www.obispadorqta.org.ar\/v3\/wp-content\/uploads\/2017\/04\/IMG_5077-300x200.jpg 300w, https:\/\/www.obispadorqta.org.ar\/v3\/wp-content\/uploads\/2017\/04\/IMG_5077-768x512.jpg 768w, https:\/\/www.obispadorqta.org.ar\/v3\/wp-content\/uploads\/2017\/04\/IMG_5077-1024x683.jpg 1024w\" sizes=\"auto, (max-width: 734px) 100vw, 734px\" \/><\/p>\n","protected":false},"excerpt":{"rendered":"<div class=\"mh-excerpt\"><p>Compartimos con ustedes algunas im\u00e1genes del encuentro que se llevo a cabo el d\u00eda de ayer en la Sede Diocesana. Agradecemos a todos por haber <a class=\"mh-excerpt-more\" href=\"https:\/\/www.obispadorqta.org.ar\/v3\/algunas-imagenes-del-encuentro-de-dialogo-y-reflexion-con-mons-angel-jose-macin\/\" title=\"Algunas im\u00e1genes del encuentro de di\u00e1logo y reflexi\u00f3n con Mons. \u00c1ngel Jos\u00e9 Mac\u00edn\">[&#8230;]<\/a><\/p>\n<\/div>","protected":false},"author":2,"featured_media":1506,"comment_status":"closed","ping_status":"open","sticky":false,"template":"","format":"standard","meta":{"footnotes":""},"categories":[28],"tags":[],"class_list":["post-1505","post","type-post","status-publish","format-standard","has-post-thumbnail","hentry","category-latest-news"],"_links":{"self":[{"href":"https:\/\/www.obispadorqta.org.ar\/v3\/wp-json\/wp\/v2\/posts\/1505","targetHints":{"allow":["GET"]}}],"collection":[{"href":"https:\/\/www.obispadorqta.org.ar\/v3\/wp-json\/wp\/v2\/posts"}],"about":[{"href":"https:\/\/www.obispadorqta.org.ar\/v3\/wp-json\/wp\/v2\/types\/post"}],"author":[{"embeddable":true,"href":"https:\/\/www.obispadorqta.org.ar\/v3\/wp-json\/wp\/v2\/users\/2"}],"replies":[{"embeddable":true,"href":"https:\/\/www.obispadorqta.org.ar\/v3\/wp-json\/wp\/v2\/comments?post=1505"}],"version-history":[{"count":3,"href":"https:\/\/www.obispadorqta.org.ar\/v3\/wp-json\/wp\/v2\/posts\/1505\/revisions"}],"predecessor-version":[{"id":1516,"href":"https:\/\/www.obispadorqta.org.ar\/v3\/wp-json\/wp\/v2\/posts\/1505\/revisions\/1516"}],"wp:featuredmedia":[{"embeddable":true,"href":"https:\/\/www.obispadorqta.org.ar\/v3\/wp-json\/wp\/v2\/media\/1506"}],"wp:attachment":[{"href":"https:\/\/www.obispadorqta.org.ar\/v3\/wp-json\/wp\/v2\/media?parent=1505"}],"wp:term":[{"taxonomy":"category","embeddable":true,"href":"https:\/\/www.obispadorqta.org.ar\/v3\/wp-json\/wp\/v2\/categories?post=1505"},{"taxonomy":"post_tag","embeddable":true,"href":"https:\/\/www.obispadorqta.org.ar\/v3\/wp-json\/wp\/v2\/tags?post=1505"}],"curies":[{"name":"wp","href":"https:\/\/api.w.org\/{rel}","templated":true}]}}