{"id":1533,"date":"2017-04-21T20:37:47","date_gmt":"2017-04-21T20:37:47","guid":{"rendered":"http:\/\/www.obispadorqta.org.ar\/v3\/?p=1533"},"modified":"2017-04-21T21:42:56","modified_gmt":"2017-04-21T21:42:56","slug":"peregrinacion-a-roma-y-tierra-santa","status":"publish","type":"post","link":"https:\/\/www.obispadorqta.org.ar\/v3\/peregrinacion-a-roma-y-tierra-santa\/","title":{"rendered":"Peregrinaci\u00f3n a Roma y Tierra Santa"},"content":{"rendered":"<p style=\"text-align: justify;\">En el d\u00eda de la fecha un grupo de cerca de 140 personas de nuestra di\u00f3cesis y algunos invitados de di\u00f3cesis vecinas han iniciado una peregrinaci\u00f3n a Roma y Tierra Santa, que se prolongar\u00e1 durante dos semanas. La misma es organizada por una agencia de turismo y guiada espiritualmente por el Pbro. Rolando Gonz\u00e1lez, acompa\u00f1ado por otros sacerdotes.<\/p>\n<p style=\"text-align: justify;\">Auguramos que esta peregrinaci\u00f3n a los Lugares Santos produzca muchos frutos de conversi\u00f3n y crecimiento en la vida teologal para los peregrinos y para nuestra Iglesia particular toda.<\/p>\n","protected":false},"excerpt":{"rendered":"<div class=\"mh-excerpt\"><p>En el d\u00eda de la fecha un grupo de cerca de 140 personas de nuestra di\u00f3cesis y algunos invitados de di\u00f3cesis vecinas han iniciado una <a class=\"mh-excerpt-more\" href=\"https:\/\/www.obispadorqta.org.ar\/v3\/peregrinacion-a-roma-y-tierra-santa\/\" title=\"Peregrinaci\u00f3n a Roma y Tierra Santa\">[&#8230;]<\/a><\/p>\n<\/div>","protected":false},"author":2,"featured_media":1534,"comment_status":"closed","ping_status":"open","sticky":false,"template":"","format":"standard","meta":{"footnotes":""},"categories":[28],"tags":[],"class_list":["post-1533","post","type-post","status-publish","format-standard","has-post-thumbnail","hentry","category-latest-news"],"_links":{"self":[{"href":"https:\/\/www.obispadorqta.org.ar\/v3\/wp-json\/wp\/v2\/posts\/1533","targetHints":{"allow":["GET"]}}],"collection":[{"href":"https:\/\/www.obispadorqta.org.ar\/v3\/wp-json\/wp\/v2\/posts"}],"about":[{"href":"https:\/\/www.obispadorqta.org.ar\/v3\/wp-json\/wp\/v2\/types\/post"}],"author":[{"embeddable":true,"href":"https:\/\/www.obispadorqta.org.ar\/v3\/wp-json\/wp\/v2\/users\/2"}],"replies":[{"embeddable":true,"href":"https:\/\/www.obispadorqta.org.ar\/v3\/wp-json\/wp\/v2\/comments?post=1533"}],"version-history":[{"count":2,"href":"https:\/\/www.obispadorqta.org.ar\/v3\/wp-json\/wp\/v2\/posts\/1533\/revisions"}],"predecessor-version":[{"id":1536,"href":"https:\/\/www.obispadorqta.org.ar\/v3\/wp-json\/wp\/v2\/posts\/1533\/revisions\/1536"}],"wp:featuredmedia":[{"embeddable":true,"href":"https:\/\/www.obispadorqta.org.ar\/v3\/wp-json\/wp\/v2\/media\/1534"}],"wp:attachment":[{"href":"https:\/\/www.obispadorqta.org.ar\/v3\/wp-json\/wp\/v2\/media?parent=1533"}],"wp:term":[{"taxonomy":"category","embeddable":true,"href":"https:\/\/www.obispadorqta.org.ar\/v3\/wp-json\/wp\/v2\/categories?post=1533"},{"taxonomy":"post_tag","embeddable":true,"href":"https:\/\/www.obispadorqta.org.ar\/v3\/wp-json\/wp\/v2\/tags?post=1533"}],"curies":[{"name":"wp","href":"https:\/\/api.w.org\/{rel}","templated":true}]}}