{"id":1537,"date":"2017-04-24T11:35:21","date_gmt":"2017-04-24T11:35:21","guid":{"rendered":"http:\/\/www.obispadorqta.org.ar\/v3\/?p=1537"},"modified":"2017-04-27T13:17:22","modified_gmt":"2017-04-27T13:17:22","slug":"retiro-sacerdotes-de-goya","status":"publish","type":"post","link":"https:\/\/www.obispadorqta.org.ar\/v3\/retiro-sacerdotes-de-goya\/","title":{"rendered":"RETIRO SACERDOTES DE GOYA"},"content":{"rendered":"<div dir=\"ltr\">\n<div style=\"text-align: justify;\">Comunicamos que desde el lunes 24 al viernes 28 de Abril, nuestro Obispo Diocesano, Mons. \u00c1ngel Jos\u00e9 Mac\u00edn se encuentra predicando el retiro anual para los sacerdotes de la vecina Di\u00f3cesis de Goya.<\/div>\n<div style=\"text-align: justify;\"><\/div>\n<div style=\"text-align: justify;\">Conviene recordar que entre estas dos di\u00f3cesis, ubicadas a ambos m\u00e1rgenes del r\u00edo Paran\u00e1, existe un v\u00ednculo de comuni\u00f3n desde sus comienzos y una rica historia compartida. Esta colaboraci\u00f3n constituye un jal\u00f3n m\u00e1s en ese camino de fraternidad e intercambio de dones.<\/div>\n<\/div>\n","protected":false},"excerpt":{"rendered":"<div class=\"mh-excerpt\"><p>Comunicamos que desde el lunes 24 al viernes 28 de Abril, nuestro Obispo Diocesano, Mons. \u00c1ngel Jos\u00e9 Mac\u00edn se encuentra predicando el retiro anual para <a class=\"mh-excerpt-more\" href=\"https:\/\/www.obispadorqta.org.ar\/v3\/retiro-sacerdotes-de-goya\/\" title=\"RETIRO SACERDOTES DE GOYA\">[&#8230;]<\/a><\/p>\n<\/div>","protected":false},"author":2,"featured_media":1538,"comment_status":"closed","ping_status":"open","sticky":false,"template":"","format":"standard","meta":{"footnotes":""},"categories":[28],"tags":[],"class_list":["post-1537","post","type-post","status-publish","format-standard","has-post-thumbnail","hentry","category-latest-news"],"_links":{"self":[{"href":"https:\/\/www.obispadorqta.org.ar\/v3\/wp-json\/wp\/v2\/posts\/1537","targetHints":{"allow":["GET"]}}],"collection":[{"href":"https:\/\/www.obispadorqta.org.ar\/v3\/wp-json\/wp\/v2\/posts"}],"about":[{"href":"https:\/\/www.obispadorqta.org.ar\/v3\/wp-json\/wp\/v2\/types\/post"}],"author":[{"embeddable":true,"href":"https:\/\/www.obispadorqta.org.ar\/v3\/wp-json\/wp\/v2\/users\/2"}],"replies":[{"embeddable":true,"href":"https:\/\/www.obispadorqta.org.ar\/v3\/wp-json\/wp\/v2\/comments?post=1537"}],"version-history":[{"count":1,"href":"https:\/\/www.obispadorqta.org.ar\/v3\/wp-json\/wp\/v2\/posts\/1537\/revisions"}],"predecessor-version":[{"id":1539,"href":"https:\/\/www.obispadorqta.org.ar\/v3\/wp-json\/wp\/v2\/posts\/1537\/revisions\/1539"}],"wp:featuredmedia":[{"embeddable":true,"href":"https:\/\/www.obispadorqta.org.ar\/v3\/wp-json\/wp\/v2\/media\/1538"}],"wp:attachment":[{"href":"https:\/\/www.obispadorqta.org.ar\/v3\/wp-json\/wp\/v2\/media?parent=1537"}],"wp:term":[{"taxonomy":"category","embeddable":true,"href":"https:\/\/www.obispadorqta.org.ar\/v3\/wp-json\/wp\/v2\/categories?post=1537"},{"taxonomy":"post_tag","embeddable":true,"href":"https:\/\/www.obispadorqta.org.ar\/v3\/wp-json\/wp\/v2\/tags?post=1537"}],"curies":[{"name":"wp","href":"https:\/\/api.w.org\/{rel}","templated":true}]}}