{"id":1552,"date":"2017-04-27T13:14:25","date_gmt":"2017-04-27T13:14:25","guid":{"rendered":"http:\/\/www.obispadorqta.org.ar\/v3\/?p=1552"},"modified":"2017-04-28T14:11:16","modified_gmt":"2017-04-28T14:11:16","slug":"118-peregrinacion-a-guadalupe","status":"publish","type":"post","link":"https:\/\/www.obispadorqta.org.ar\/v3\/118-peregrinacion-a-guadalupe\/","title":{"rendered":"118\u00b0 Peregrinaci\u00f3n a Guadalupe"},"content":{"rendered":"<p style=\"text-align: justify;\">Este fin de semana, 29 y 30 de abril, tendr\u00e1 lugar la 118\u00aa Peregrinaci\u00f3n Arquidiocesana a la bas\u00edlica de \u201cNuestra Se\u00f1ora de Guadalupe\u201d, patrona santafesina, que lleva como lema \u201cMadre de la Esperanza, que Jes\u00fas sea nuestra Buena Noticia\u201d.<\/p>\n<p style=\"text-align: justify;\">La Bas\u00edlica permanecer\u00e1 abierta desde el s\u00e1bado 29 a las 07.30 hs. hasta el domingo 30 a las 23.00 hs.<\/p>\n<p style=\"text-align: justify;\">El s\u00e1bado por la tarde, a las 15 hs, se dar\u00e1 inicio a la Peregrinaci\u00f3n de Enfermos y Discapacitados que se congregar\u00e1 en la Parroquia del Huerto, sobre la costanera oeste. Y a las 17 se realizar\u00e1 la misa especialmente dedicada a ellos, presidida por nuestro Obispo Diocesano, Mons. \u00c1ngel Jos\u00e9 Mac\u00edn.<\/p>\n","protected":false},"excerpt":{"rendered":"<div class=\"mh-excerpt\"><p>Este fin de semana, 29 y 30 de abril, tendr\u00e1 lugar la 118\u00aa Peregrinaci\u00f3n Arquidiocesana a la bas\u00edlica de \u201cNuestra Se\u00f1ora de Guadalupe\u201d, patrona santafesina, <a class=\"mh-excerpt-more\" href=\"https:\/\/www.obispadorqta.org.ar\/v3\/118-peregrinacion-a-guadalupe\/\" title=\"118\u00b0 Peregrinaci\u00f3n a Guadalupe\">[&#8230;]<\/a><\/p>\n<\/div>","protected":false},"author":2,"featured_media":1553,"comment_status":"closed","ping_status":"open","sticky":false,"template":"","format":"standard","meta":{"footnotes":""},"categories":[28],"tags":[],"class_list":["post-1552","post","type-post","status-publish","format-standard","has-post-thumbnail","hentry","category-latest-news"],"_links":{"self":[{"href":"https:\/\/www.obispadorqta.org.ar\/v3\/wp-json\/wp\/v2\/posts\/1552","targetHints":{"allow":["GET"]}}],"collection":[{"href":"https:\/\/www.obispadorqta.org.ar\/v3\/wp-json\/wp\/v2\/posts"}],"about":[{"href":"https:\/\/www.obispadorqta.org.ar\/v3\/wp-json\/wp\/v2\/types\/post"}],"author":[{"embeddable":true,"href":"https:\/\/www.obispadorqta.org.ar\/v3\/wp-json\/wp\/v2\/users\/2"}],"replies":[{"embeddable":true,"href":"https:\/\/www.obispadorqta.org.ar\/v3\/wp-json\/wp\/v2\/comments?post=1552"}],"version-history":[{"count":1,"href":"https:\/\/www.obispadorqta.org.ar\/v3\/wp-json\/wp\/v2\/posts\/1552\/revisions"}],"predecessor-version":[{"id":1554,"href":"https:\/\/www.obispadorqta.org.ar\/v3\/wp-json\/wp\/v2\/posts\/1552\/revisions\/1554"}],"wp:featuredmedia":[{"embeddable":true,"href":"https:\/\/www.obispadorqta.org.ar\/v3\/wp-json\/wp\/v2\/media\/1553"}],"wp:attachment":[{"href":"https:\/\/www.obispadorqta.org.ar\/v3\/wp-json\/wp\/v2\/media?parent=1552"}],"wp:term":[{"taxonomy":"category","embeddable":true,"href":"https:\/\/www.obispadorqta.org.ar\/v3\/wp-json\/wp\/v2\/categories?post=1552"},{"taxonomy":"post_tag","embeddable":true,"href":"https:\/\/www.obispadorqta.org.ar\/v3\/wp-json\/wp\/v2\/tags?post=1552"}],"curies":[{"name":"wp","href":"https:\/\/api.w.org\/{rel}","templated":true}]}}