{"id":1556,"date":"2017-04-28T12:50:22","date_gmt":"2017-04-28T12:50:22","guid":{"rendered":"http:\/\/www.obispadorqta.org.ar\/v3\/?p=1556"},"modified":"2017-04-28T14:11:04","modified_gmt":"2017-04-28T14:11:04","slug":"nuevo-parroco","status":"publish","type":"post","link":"https:\/\/www.obispadorqta.org.ar\/v3\/nuevo-parroco\/","title":{"rendered":"Nuevo P\u00e1rroco"},"content":{"rendered":"<p style=\"text-align: justify;\"><img loading=\"lazy\" decoding=\"async\" class=\"alignleft wp-image-1522\" src=\"https:\/\/www.obispadorqta.org.ar\/v3\/wp-content\/uploads\/2017\/04\/12049553_865925440170615_5961388002817542443_n.jpg\" alt=\"\" width=\"147\" height=\"157\" \/>El d\u00eda domingo 30 de abril, en la parroquia \u00abSagrado Coraz\u00f3n de Jes\u00fas\u00bb de Villa Guillermina, en la Misa presidida por nuestro Obispo Diocesano, Mons. \u00c1ngel Jos\u00e9 Mac\u00edn, asumir\u00e1 como p\u00e1rroco el Pbro. Omar Abel Faccioli.<\/p>\n<p style=\"text-align: justify;\">La celebraci\u00f3n comenzar\u00e1 a las 10 hs. y en la misma el nuevo p\u00e1rroco realizara su profesi\u00f3n de Fe, juramento de fidelidad al oficio encomendado y juramento de preservar los bienes parroquiales.<\/p>\n<p style=\"text-align: justify;\">Invitamos a todos a participar de este acontecimiento y a acompa\u00f1ar al padre Omar en esta nueva etapa de su ministerio.<\/p>\n","protected":false},"excerpt":{"rendered":"<div class=\"mh-excerpt\"><p>El d\u00eda domingo 30 de abril, en la parroquia \u00abSagrado Coraz\u00f3n de Jes\u00fas\u00bb de Villa Guillermina, en la Misa presidida por nuestro Obispo Diocesano, Mons. <a class=\"mh-excerpt-more\" href=\"https:\/\/www.obispadorqta.org.ar\/v3\/nuevo-parroco\/\" title=\"Nuevo P\u00e1rroco\">[&#8230;]<\/a><\/p>\n<\/div>","protected":false},"author":2,"featured_media":1557,"comment_status":"closed","ping_status":"open","sticky":false,"template":"","format":"standard","meta":{"footnotes":""},"categories":[28],"tags":[],"class_list":["post-1556","post","type-post","status-publish","format-standard","has-post-thumbnail","hentry","category-latest-news"],"_links":{"self":[{"href":"https:\/\/www.obispadorqta.org.ar\/v3\/wp-json\/wp\/v2\/posts\/1556","targetHints":{"allow":["GET"]}}],"collection":[{"href":"https:\/\/www.obispadorqta.org.ar\/v3\/wp-json\/wp\/v2\/posts"}],"about":[{"href":"https:\/\/www.obispadorqta.org.ar\/v3\/wp-json\/wp\/v2\/types\/post"}],"author":[{"embeddable":true,"href":"https:\/\/www.obispadorqta.org.ar\/v3\/wp-json\/wp\/v2\/users\/2"}],"replies":[{"embeddable":true,"href":"https:\/\/www.obispadorqta.org.ar\/v3\/wp-json\/wp\/v2\/comments?post=1556"}],"version-history":[{"count":1,"href":"https:\/\/www.obispadorqta.org.ar\/v3\/wp-json\/wp\/v2\/posts\/1556\/revisions"}],"predecessor-version":[{"id":1558,"href":"https:\/\/www.obispadorqta.org.ar\/v3\/wp-json\/wp\/v2\/posts\/1556\/revisions\/1558"}],"wp:featuredmedia":[{"embeddable":true,"href":"https:\/\/www.obispadorqta.org.ar\/v3\/wp-json\/wp\/v2\/media\/1557"}],"wp:attachment":[{"href":"https:\/\/www.obispadorqta.org.ar\/v3\/wp-json\/wp\/v2\/media?parent=1556"}],"wp:term":[{"taxonomy":"category","embeddable":true,"href":"https:\/\/www.obispadorqta.org.ar\/v3\/wp-json\/wp\/v2\/categories?post=1556"},{"taxonomy":"post_tag","embeddable":true,"href":"https:\/\/www.obispadorqta.org.ar\/v3\/wp-json\/wp\/v2\/tags?post=1556"}],"curies":[{"name":"wp","href":"https:\/\/api.w.org\/{rel}","templated":true}]}}