{"id":1559,"date":"2017-04-28T13:52:50","date_gmt":"2017-04-28T13:52:50","guid":{"rendered":"http:\/\/www.obispadorqta.org.ar\/v3\/?p=1559"},"modified":"2017-04-28T14:17:03","modified_gmt":"2017-04-28T14:17:03","slug":"profesion-solemne-hna-roxana-de-san-jose","status":"publish","type":"post","link":"https:\/\/www.obispadorqta.org.ar\/v3\/profesion-solemne-hna-roxana-de-san-jose\/","title":{"rendered":"Profesi\u00f3n Solemne Hna. Roxana de San Jos\u00e9"},"content":{"rendered":"<p style=\"text-align: justify;\">\nLa Comunidad de Hermanas Carmelitas Descalzas del Monasterio San Jos\u00e9 de la di\u00f3cesis de Reconquista invita a la Profesi\u00f3n Solemne de la Hna Roxana de San Jos\u00e9. El pr\u00f3ximo 1\u00ba de Mayo de 2017 a las 9 hs.<\/p>\n<p style=\"text-align: justify;\">La misma se realizar\u00e1 en la Capilla del Monasterio y la ceremonia estar\u00e1 presidida por Mons. Angel Jos\u00e9 Macin.<\/p>\n<p style=\"text-align: justify;\">Luego de la ceremonia religiosa, al mediod\u00eda, compartiremos un encuentro fraterno a la canasta en la Escuela 582 (a solo 100 m. del Monasterio).<\/p>\n<p style=\"text-align: center;\">\n","protected":false},"excerpt":{"rendered":"<div class=\"mh-excerpt\"><p>La Comunidad de Hermanas Carmelitas Descalzas del Monasterio San Jos\u00e9 de la di\u00f3cesis de Reconquista invita a la Profesi\u00f3n Solemne de la Hna Roxana de <a class=\"mh-excerpt-more\" href=\"https:\/\/www.obispadorqta.org.ar\/v3\/profesion-solemne-hna-roxana-de-san-jose\/\" title=\"Profesi\u00f3n Solemne Hna. Roxana de San Jos\u00e9\">[&#8230;]<\/a><\/p>\n<\/div>","protected":false},"author":2,"featured_media":1561,"comment_status":"closed","ping_status":"open","sticky":false,"template":"","format":"standard","meta":{"footnotes":""},"categories":[28],"tags":[],"class_list":["post-1559","post","type-post","status-publish","format-standard","has-post-thumbnail","hentry","category-latest-news"],"_links":{"self":[{"href":"https:\/\/www.obispadorqta.org.ar\/v3\/wp-json\/wp\/v2\/posts\/1559","targetHints":{"allow":["GET"]}}],"collection":[{"href":"https:\/\/www.obispadorqta.org.ar\/v3\/wp-json\/wp\/v2\/posts"}],"about":[{"href":"https:\/\/www.obispadorqta.org.ar\/v3\/wp-json\/wp\/v2\/types\/post"}],"author":[{"embeddable":true,"href":"https:\/\/www.obispadorqta.org.ar\/v3\/wp-json\/wp\/v2\/users\/2"}],"replies":[{"embeddable":true,"href":"https:\/\/www.obispadorqta.org.ar\/v3\/wp-json\/wp\/v2\/comments?post=1559"}],"version-history":[{"count":11,"href":"https:\/\/www.obispadorqta.org.ar\/v3\/wp-json\/wp\/v2\/posts\/1559\/revisions"}],"predecessor-version":[{"id":1573,"href":"https:\/\/www.obispadorqta.org.ar\/v3\/wp-json\/wp\/v2\/posts\/1559\/revisions\/1573"}],"wp:featuredmedia":[{"embeddable":true,"href":"https:\/\/www.obispadorqta.org.ar\/v3\/wp-json\/wp\/v2\/media\/1561"}],"wp:attachment":[{"href":"https:\/\/www.obispadorqta.org.ar\/v3\/wp-json\/wp\/v2\/media?parent=1559"}],"wp:term":[{"taxonomy":"category","embeddable":true,"href":"https:\/\/www.obispadorqta.org.ar\/v3\/wp-json\/wp\/v2\/categories?post=1559"},{"taxonomy":"post_tag","embeddable":true,"href":"https:\/\/www.obispadorqta.org.ar\/v3\/wp-json\/wp\/v2\/tags?post=1559"}],"curies":[{"name":"wp","href":"https:\/\/api.w.org\/{rel}","templated":true}]}}