{"id":156,"date":"2009-08-27T14:10:43","date_gmt":"2009-08-27T14:10:43","guid":{"rendered":"http:\/\/www.obispadorqta.org.ar\/v3\/comision-de-caritas-diocesanas\/"},"modified":"2009-08-27T14:10:43","modified_gmt":"2009-08-27T14:10:43","slug":"comision-de-caritas-diocesanas","status":"publish","type":"post","link":"https:\/\/www.obispadorqta.org.ar\/v3\/comision-de-caritas-diocesanas\/","title":{"rendered":"Caritas Diocesanas"},"content":{"rendered":"<p><font face=\"arial,helvetica,sans-serif\" color=\"#000000\"><strong><u>Vice Presidente:<\/u>\u00a0 \u00a0<\/strong><\/font><\/p>\n<p><font face=\"arial,helvetica,sans-serif\" color=\"#000000\">Tel: 03482-420201<\/font><\/p>\n<p><font face=\"arial,helvetica,sans-serif\" color=\"#000000\">e-mail: reconquista@caritas.org.ar<\/font><\/p>\n<p><font color=\"#000000\">\u00a0<\/font><\/p>\n<hr width=\"100%\" size=\"2\" \/>\n<div align=\"center\"><font color=\"#000000\"><u><strong>Misi\u00f3n de C\u00e1ritas en la Iglesia<\/strong><br \/><\/u><\/font><\/div>\n<p align=\"justify\"><font face=\"arial,helvetica,sans-serif\" color=\"#000000\">C\u00e1ritas es el organismo oficial de la Iglesia Cat\u00f3lica para orientar, animar, coordinar y organizar la acci\u00f3n caritativa e instrumentar la comuni\u00f3n cristiana de bienes, con el fin de promover y acompa\u00f1ar el esfuerzo de los m\u00e1s pobres como protagonistas activos de su propio desarrollo personal, familiar y comunitario. Act\u00faa en nombre de la comunidad eclesial.<\/font><\/p>\n<p align=\"justify\"><font face=\"arial,helvetica,sans-serif\" color=\"#000000\">Se traduce en obras concretas de asistencia y promoci\u00f3n, que son llevadas adelante en su mayor\u00eda por voluntarios, que animan, acompa\u00f1an y coordinan \u00e9sta Pastoral en la Di\u00f3cesis.<\/font><\/p>\n<p align=\"justify\"><font face=\"arial,helvetica,sans-serif\" color=\"#000000\">\u00abEl compromiso por la promoci\u00f3n humana y la Nueva Evangelizaci\u00f3n que la misma entra\u00f1a, nos ayuda a reafirmar en nuestra Iglesia Diocesana la opci\u00f3n preferencial por los pobres, d\u00e9biles y m\u00e1s sufrientes\u00bb.<\/font><\/p>\n<p class=\"MsoNormal\">&nbsp;<\/p>\n<p>&nbsp;<\/p>\n","protected":false},"excerpt":{"rendered":"<div class=\"mh-excerpt\"><p>Vice Presidente:\u00a0 \u00a0 Tel: 03482-420201 e-mail: reconquista@caritas.org.ar \u00a0 Misi\u00f3n de C\u00e1ritas en la Iglesia C\u00e1ritas es el organismo oficial de la Iglesia Cat\u00f3lica para orientar, <a class=\"mh-excerpt-more\" href=\"https:\/\/www.obispadorqta.org.ar\/v3\/comision-de-caritas-diocesanas\/\" title=\"Caritas Diocesanas\">[&#8230;]<\/a><\/p>\n<\/div>","protected":false},"author":1,"featured_media":0,"comment_status":"open","ping_status":"open","sticky":false,"template":"","format":"standard","meta":{"footnotes":""},"categories":[41],"tags":[],"class_list":["post-156","post","type-post","status-publish","format-standard","hentry","category-comisionesdiocesanas"],"_links":{"self":[{"href":"https:\/\/www.obispadorqta.org.ar\/v3\/wp-json\/wp\/v2\/posts\/156","targetHints":{"allow":["GET"]}}],"collection":[{"href":"https:\/\/www.obispadorqta.org.ar\/v3\/wp-json\/wp\/v2\/posts"}],"about":[{"href":"https:\/\/www.obispadorqta.org.ar\/v3\/wp-json\/wp\/v2\/types\/post"}],"author":[{"embeddable":true,"href":"https:\/\/www.obispadorqta.org.ar\/v3\/wp-json\/wp\/v2\/users\/1"}],"replies":[{"embeddable":true,"href":"https:\/\/www.obispadorqta.org.ar\/v3\/wp-json\/wp\/v2\/comments?post=156"}],"version-history":[{"count":0,"href":"https:\/\/www.obispadorqta.org.ar\/v3\/wp-json\/wp\/v2\/posts\/156\/revisions"}],"wp:attachment":[{"href":"https:\/\/www.obispadorqta.org.ar\/v3\/wp-json\/wp\/v2\/media?parent=156"}],"wp:term":[{"taxonomy":"category","embeddable":true,"href":"https:\/\/www.obispadorqta.org.ar\/v3\/wp-json\/wp\/v2\/categories?post=156"},{"taxonomy":"post_tag","embeddable":true,"href":"https:\/\/www.obispadorqta.org.ar\/v3\/wp-json\/wp\/v2\/tags?post=156"}],"curies":[{"name":"wp","href":"https:\/\/api.w.org\/{rel}","templated":true}]}}