{"id":1574,"date":"2017-04-30T22:15:50","date_gmt":"2017-04-30T22:15:50","guid":{"rendered":"http:\/\/www.obispadorqta.org.ar\/v3\/?p=1574"},"modified":"2017-04-30T22:35:13","modified_gmt":"2017-04-30T22:35:13","slug":"25-anos-de-los-grupos-biblicos","status":"publish","type":"post","link":"https:\/\/www.obispadorqta.org.ar\/v3\/25-anos-de-los-grupos-biblicos\/","title":{"rendered":"25 A\u00d1OS DE LOS GRUPOS B\u00cdBLICOS"},"content":{"rendered":"<div style=\"text-align: justify;\">\n<p>El lunes 1 de Mayo, bajo el lema \u00abDios nos habla hoy\u00bb, se celebrar\u00e1n los 25 a\u00f1os de camino de los Grupos B\u00edblicos en la Zona Norte de nuestra Di\u00f3cesis, especialmente en la Parroquia Inmaculada Concepci\u00f3n de Villa Ocampo.<\/p>\n<p>El encuentro celebrativo ser\u00e1 en la Escuela 6338 de Campo Mej\u00edas y estar\u00e1 organizado por los grupos de Isleta Norte.Se invita a todos los que formaron o forman parte de esta experiencia a participar, y tambi\u00e9n a todos los que quieran sumarse.<\/p>\n<p>Llevar Biblia, equipo de mate y algo para compartir.<\/p>\n<p>&nbsp;<\/p>\n<\/div>\n","protected":false},"excerpt":{"rendered":"<div class=\"mh-excerpt\"><p>El lunes 1 de Mayo, bajo el lema \u00abDios nos habla hoy\u00bb, se celebrar\u00e1n los 25 a\u00f1os de camino de los Grupos B\u00edblicos en la <a class=\"mh-excerpt-more\" href=\"https:\/\/www.obispadorqta.org.ar\/v3\/25-anos-de-los-grupos-biblicos\/\" title=\"25 A\u00d1OS DE LOS GRUPOS B\u00cdBLICOS\">[&#8230;]<\/a><\/p>\n<\/div>","protected":false},"author":2,"featured_media":1575,"comment_status":"closed","ping_status":"open","sticky":false,"template":"","format":"standard","meta":{"footnotes":""},"categories":[28],"tags":[],"class_list":["post-1574","post","type-post","status-publish","format-standard","has-post-thumbnail","hentry","category-latest-news"],"_links":{"self":[{"href":"https:\/\/www.obispadorqta.org.ar\/v3\/wp-json\/wp\/v2\/posts\/1574","targetHints":{"allow":["GET"]}}],"collection":[{"href":"https:\/\/www.obispadorqta.org.ar\/v3\/wp-json\/wp\/v2\/posts"}],"about":[{"href":"https:\/\/www.obispadorqta.org.ar\/v3\/wp-json\/wp\/v2\/types\/post"}],"author":[{"embeddable":true,"href":"https:\/\/www.obispadorqta.org.ar\/v3\/wp-json\/wp\/v2\/users\/2"}],"replies":[{"embeddable":true,"href":"https:\/\/www.obispadorqta.org.ar\/v3\/wp-json\/wp\/v2\/comments?post=1574"}],"version-history":[{"count":3,"href":"https:\/\/www.obispadorqta.org.ar\/v3\/wp-json\/wp\/v2\/posts\/1574\/revisions"}],"predecessor-version":[{"id":1578,"href":"https:\/\/www.obispadorqta.org.ar\/v3\/wp-json\/wp\/v2\/posts\/1574\/revisions\/1578"}],"wp:featuredmedia":[{"embeddable":true,"href":"https:\/\/www.obispadorqta.org.ar\/v3\/wp-json\/wp\/v2\/media\/1575"}],"wp:attachment":[{"href":"https:\/\/www.obispadorqta.org.ar\/v3\/wp-json\/wp\/v2\/media?parent=1574"}],"wp:term":[{"taxonomy":"category","embeddable":true,"href":"https:\/\/www.obispadorqta.org.ar\/v3\/wp-json\/wp\/v2\/categories?post=1574"},{"taxonomy":"post_tag","embeddable":true,"href":"https:\/\/www.obispadorqta.org.ar\/v3\/wp-json\/wp\/v2\/tags?post=1574"}],"curies":[{"name":"wp","href":"https:\/\/api.w.org\/{rel}","templated":true}]}}