{"id":1579,"date":"2017-04-30T22:34:36","date_gmt":"2017-04-30T22:34:36","guid":{"rendered":"http:\/\/www.obispadorqta.org.ar\/v3\/?p=1579"},"modified":"2017-04-30T22:35:09","modified_gmt":"2017-04-30T22:35:09","slug":"dia-del-trabajador-2","status":"publish","type":"post","link":"https:\/\/www.obispadorqta.org.ar\/v3\/dia-del-trabajador-2\/","title":{"rendered":"DIA DEL TRABAJADOR"},"content":{"rendered":"<p>El obispado de Reconquista saluda a todos los trabajadores en su d\u00eda, recordando que el trabajo dignifica y constituye una participaci\u00f3n en la obra creadora de Dios.<\/p>\n<p>Tambi\u00e9n invita a rezar, por intercesi\u00f3n de san Jos\u00e9 Obrero, para que nunca falte el trabajo, y a pedir de un modo especial por los padecen la desocupaci\u00f3n o la subocupaci\u00f3n. Qu\u00e9 no les falte el consuelo de Dios y la solidaridad de los hermanos.<\/p>\n<p>&nbsp;<\/p>\n<p>&nbsp;<\/p>\n","protected":false},"excerpt":{"rendered":"<div class=\"mh-excerpt\"><p>El obispado de Reconquista saluda a todos los trabajadores en su d\u00eda, recordando que el trabajo dignifica y constituye una participaci\u00f3n en la obra creadora <a class=\"mh-excerpt-more\" href=\"https:\/\/www.obispadorqta.org.ar\/v3\/dia-del-trabajador-2\/\" title=\"DIA DEL TRABAJADOR\">[&#8230;]<\/a><\/p>\n<\/div>","protected":false},"author":2,"featured_media":1580,"comment_status":"closed","ping_status":"open","sticky":false,"template":"","format":"standard","meta":{"footnotes":""},"categories":[28],"tags":[],"class_list":["post-1579","post","type-post","status-publish","format-standard","has-post-thumbnail","hentry","category-latest-news"],"_links":{"self":[{"href":"https:\/\/www.obispadorqta.org.ar\/v3\/wp-json\/wp\/v2\/posts\/1579","targetHints":{"allow":["GET"]}}],"collection":[{"href":"https:\/\/www.obispadorqta.org.ar\/v3\/wp-json\/wp\/v2\/posts"}],"about":[{"href":"https:\/\/www.obispadorqta.org.ar\/v3\/wp-json\/wp\/v2\/types\/post"}],"author":[{"embeddable":true,"href":"https:\/\/www.obispadorqta.org.ar\/v3\/wp-json\/wp\/v2\/users\/2"}],"replies":[{"embeddable":true,"href":"https:\/\/www.obispadorqta.org.ar\/v3\/wp-json\/wp\/v2\/comments?post=1579"}],"version-history":[{"count":2,"href":"https:\/\/www.obispadorqta.org.ar\/v3\/wp-json\/wp\/v2\/posts\/1579\/revisions"}],"predecessor-version":[{"id":1582,"href":"https:\/\/www.obispadorqta.org.ar\/v3\/wp-json\/wp\/v2\/posts\/1579\/revisions\/1582"}],"wp:featuredmedia":[{"embeddable":true,"href":"https:\/\/www.obispadorqta.org.ar\/v3\/wp-json\/wp\/v2\/media\/1580"}],"wp:attachment":[{"href":"https:\/\/www.obispadorqta.org.ar\/v3\/wp-json\/wp\/v2\/media?parent=1579"}],"wp:term":[{"taxonomy":"category","embeddable":true,"href":"https:\/\/www.obispadorqta.org.ar\/v3\/wp-json\/wp\/v2\/categories?post=1579"},{"taxonomy":"post_tag","embeddable":true,"href":"https:\/\/www.obispadorqta.org.ar\/v3\/wp-json\/wp\/v2\/tags?post=1579"}],"curies":[{"name":"wp","href":"https:\/\/api.w.org\/{rel}","templated":true}]}}