{"id":1583,"date":"2017-05-02T11:03:33","date_gmt":"2017-05-02T11:03:33","guid":{"rendered":"http:\/\/www.obispadorqta.org.ar\/v3\/?p=1583"},"modified":"2017-05-02T11:04:13","modified_gmt":"2017-05-02T11:04:13","slug":"113o-asamblea-plenaria-del-episcopado-argentino","status":"publish","type":"post","link":"https:\/\/www.obispadorqta.org.ar\/v3\/113o-asamblea-plenaria-del-episcopado-argentino\/","title":{"rendered":"113\u00ba ASAMBLEA PLENARIA DEL EPISCOPADO ARGENTINO"},"content":{"rendered":"<p style=\"text-align: justify;\">A partir de hoy martes, y hasta el s\u00e1bado al mediod\u00eda, en Pilar (Buenos Aires),sesiona la 113\u00ba Asamblea del Episcopado Argentino, en la cual participa nuestro obispo diocesano, Mons. \u00c1ngel Jos\u00e9 Mac\u00edn.<\/p>\n<p style=\"text-align: justify;\">En la misma, se tratar\u00e1n diversos temas que hacen a la agenda pastoral nacional. Rezamos por los frutos de esta reuni\u00f3n<\/p>\n","protected":false},"excerpt":{"rendered":"<div class=\"mh-excerpt\"><p>A partir de hoy martes, y hasta el s\u00e1bado al mediod\u00eda, en Pilar (Buenos Aires),sesiona la 113\u00ba Asamblea del Episcopado Argentino, en la cual participa <a class=\"mh-excerpt-more\" href=\"https:\/\/www.obispadorqta.org.ar\/v3\/113o-asamblea-plenaria-del-episcopado-argentino\/\" title=\"113\u00ba ASAMBLEA PLENARIA DEL EPISCOPADO ARGENTINO\">[&#8230;]<\/a><\/p>\n<\/div>","protected":false},"author":2,"featured_media":1584,"comment_status":"closed","ping_status":"open","sticky":false,"template":"","format":"standard","meta":{"footnotes":""},"categories":[28],"tags":[],"class_list":["post-1583","post","type-post","status-publish","format-standard","has-post-thumbnail","hentry","category-latest-news"],"_links":{"self":[{"href":"https:\/\/www.obispadorqta.org.ar\/v3\/wp-json\/wp\/v2\/posts\/1583","targetHints":{"allow":["GET"]}}],"collection":[{"href":"https:\/\/www.obispadorqta.org.ar\/v3\/wp-json\/wp\/v2\/posts"}],"about":[{"href":"https:\/\/www.obispadorqta.org.ar\/v3\/wp-json\/wp\/v2\/types\/post"}],"author":[{"embeddable":true,"href":"https:\/\/www.obispadorqta.org.ar\/v3\/wp-json\/wp\/v2\/users\/2"}],"replies":[{"embeddable":true,"href":"https:\/\/www.obispadorqta.org.ar\/v3\/wp-json\/wp\/v2\/comments?post=1583"}],"version-history":[{"count":1,"href":"https:\/\/www.obispadorqta.org.ar\/v3\/wp-json\/wp\/v2\/posts\/1583\/revisions"}],"predecessor-version":[{"id":1585,"href":"https:\/\/www.obispadorqta.org.ar\/v3\/wp-json\/wp\/v2\/posts\/1583\/revisions\/1585"}],"wp:featuredmedia":[{"embeddable":true,"href":"https:\/\/www.obispadorqta.org.ar\/v3\/wp-json\/wp\/v2\/media\/1584"}],"wp:attachment":[{"href":"https:\/\/www.obispadorqta.org.ar\/v3\/wp-json\/wp\/v2\/media?parent=1583"}],"wp:term":[{"taxonomy":"category","embeddable":true,"href":"https:\/\/www.obispadorqta.org.ar\/v3\/wp-json\/wp\/v2\/categories?post=1583"},{"taxonomy":"post_tag","embeddable":true,"href":"https:\/\/www.obispadorqta.org.ar\/v3\/wp-json\/wp\/v2\/tags?post=1583"}],"curies":[{"name":"wp","href":"https:\/\/api.w.org\/{rel}","templated":true}]}}