{"id":1586,"date":"2017-05-03T14:45:10","date_gmt":"2017-05-03T14:45:10","guid":{"rendered":"http:\/\/www.obispadorqta.org.ar\/v3\/?p=1586"},"modified":"2017-05-03T15:03:34","modified_gmt":"2017-05-03T15:03:34","slug":"ordenacion-diaconal-4","status":"publish","type":"post","link":"https:\/\/www.obispadorqta.org.ar\/v3\/ordenacion-diaconal-4\/","title":{"rendered":"Ordenaci\u00f3n Diaconal"},"content":{"rendered":"<p>Con alegr\u00eda invitamos a la celebraci\u00f3n en la que el Obispo Diocesano, Mons. \u00c1ngel Jos\u00e9 Mac\u00edn ordenar\u00e1 Di\u00e1cono al Ac\u00f3lito Adri\u00e1n Eduardo Fun.<\/p>\n<p>Adri\u00e1n Fun recibir\u00e1 el Orden Sagrado del Diaconado el d\u00eda Domingo 7 de mayo en la Parroquia \u00abSan Juan Bautista\u00bb de la ciudad de Vera, a las 18 hs.<\/p>\n<p>Rezamos y acompa\u00f1amos a Adri\u00e1n en este nuevo camino que comenzar\u00e1 a recorrer y agradecemos a Dios por su vida y su entrega al servicio de nuestra Iglesia Particular de Reconquista.<\/p>\n","protected":false},"excerpt":{"rendered":"<div class=\"mh-excerpt\"><p>Con alegr\u00eda invitamos a la celebraci\u00f3n en la que el Obispo Diocesano, Mons. \u00c1ngel Jos\u00e9 Mac\u00edn ordenar\u00e1 Di\u00e1cono al Ac\u00f3lito Adri\u00e1n Eduardo Fun. Adri\u00e1n Fun <a class=\"mh-excerpt-more\" href=\"https:\/\/www.obispadorqta.org.ar\/v3\/ordenacion-diaconal-4\/\" title=\"Ordenaci\u00f3n Diaconal\">[&#8230;]<\/a><\/p>\n<\/div>","protected":false},"author":2,"featured_media":1590,"comment_status":"closed","ping_status":"open","sticky":false,"template":"","format":"standard","meta":{"footnotes":""},"categories":[28],"tags":[],"class_list":["post-1586","post","type-post","status-publish","format-standard","has-post-thumbnail","hentry","category-latest-news"],"_links":{"self":[{"href":"https:\/\/www.obispadorqta.org.ar\/v3\/wp-json\/wp\/v2\/posts\/1586","targetHints":{"allow":["GET"]}}],"collection":[{"href":"https:\/\/www.obispadorqta.org.ar\/v3\/wp-json\/wp\/v2\/posts"}],"about":[{"href":"https:\/\/www.obispadorqta.org.ar\/v3\/wp-json\/wp\/v2\/types\/post"}],"author":[{"embeddable":true,"href":"https:\/\/www.obispadorqta.org.ar\/v3\/wp-json\/wp\/v2\/users\/2"}],"replies":[{"embeddable":true,"href":"https:\/\/www.obispadorqta.org.ar\/v3\/wp-json\/wp\/v2\/comments?post=1586"}],"version-history":[{"count":1,"href":"https:\/\/www.obispadorqta.org.ar\/v3\/wp-json\/wp\/v2\/posts\/1586\/revisions"}],"predecessor-version":[{"id":1588,"href":"https:\/\/www.obispadorqta.org.ar\/v3\/wp-json\/wp\/v2\/posts\/1586\/revisions\/1588"}],"wp:featuredmedia":[{"embeddable":true,"href":"https:\/\/www.obispadorqta.org.ar\/v3\/wp-json\/wp\/v2\/media\/1590"}],"wp:attachment":[{"href":"https:\/\/www.obispadorqta.org.ar\/v3\/wp-json\/wp\/v2\/media?parent=1586"}],"wp:term":[{"taxonomy":"category","embeddable":true,"href":"https:\/\/www.obispadorqta.org.ar\/v3\/wp-json\/wp\/v2\/categories?post=1586"},{"taxonomy":"post_tag","embeddable":true,"href":"https:\/\/www.obispadorqta.org.ar\/v3\/wp-json\/wp\/v2\/tags?post=1586"}],"curies":[{"name":"wp","href":"https:\/\/api.w.org\/{rel}","templated":true}]}}