{"id":1596,"date":"2017-05-08T11:20:15","date_gmt":"2017-05-08T11:20:15","guid":{"rendered":"http:\/\/www.obispadorqta.org.ar\/v3\/?p=1596"},"modified":"2017-05-08T11:20:43","modified_gmt":"2017-05-08T11:20:43","slug":"retiro-de-sacerdotes","status":"publish","type":"post","link":"https:\/\/www.obispadorqta.org.ar\/v3\/retiro-de-sacerdotes\/","title":{"rendered":"RETIRO DE SACERDOTES"},"content":{"rendered":"<div dir=\"ltr\">\n<div style=\"text-align: justify;\">Desde hoy lunes, 8 de Mayo, hasta el jueves 11, por la noche, el presbiterio de Reconquista realiza su retiro anual, acompa\u00f1ado por el Obispo Diocesano, Mons. \u00c1ngel Jos\u00e9 Mac\u00edn, y por el sacerdote jesuita Armando Raffo, quien es de nacionalidad uruguaya y actualmente se desempe\u00f1a en la Arquidi\u00f3cesis de Corrientes.<\/div>\n<div style=\"text-align: justify;\"><\/div>\n<div style=\"text-align: justify;\">El retiro concluye el jueves, ya que el d\u00eda viernes 12, varios sacerdotes se trasladar\u00e1n a Corrientes, para participar de sendas conferencias sobre la exhortaci\u00f3n apost\u00f3lica Amoris Laetitia, del Papa Francisco, a cargo del especialista en Moral del Discernimiento, P. Tony Mifsud sj, reconocido profesor del vecino pa\u00eds de Chile.<\/div>\n<div style=\"text-align: justify;\"><\/div>\n<div style=\"text-align: justify;\">Oremos por la santificaci\u00f3n de nuestros sacerdotes.<\/div>\n<\/div>\n<div style=\"text-align: justify;\"><\/div>\n<div style=\"text-align: justify;\"><\/div>\n<div style=\"text-align: justify;\"><\/div>\n<div style=\"text-align: justify;\"><\/div>\n","protected":false},"excerpt":{"rendered":"<div class=\"mh-excerpt\"><p>Desde hoy lunes, 8 de Mayo, hasta el jueves 11, por la noche, el presbiterio de Reconquista realiza su retiro anual, acompa\u00f1ado por el Obispo <a class=\"mh-excerpt-more\" href=\"https:\/\/www.obispadorqta.org.ar\/v3\/retiro-de-sacerdotes\/\" title=\"RETIRO DE SACERDOTES\">[&#8230;]<\/a><\/p>\n<\/div>","protected":false},"author":2,"featured_media":64,"comment_status":"closed","ping_status":"open","sticky":false,"template":"","format":"standard","meta":{"footnotes":""},"categories":[1],"tags":[],"class_list":["post-1596","post","type-post","status-publish","format-standard","has-post-thumbnail","hentry","category-sin-categoria"],"_links":{"self":[{"href":"https:\/\/www.obispadorqta.org.ar\/v3\/wp-json\/wp\/v2\/posts\/1596","targetHints":{"allow":["GET"]}}],"collection":[{"href":"https:\/\/www.obispadorqta.org.ar\/v3\/wp-json\/wp\/v2\/posts"}],"about":[{"href":"https:\/\/www.obispadorqta.org.ar\/v3\/wp-json\/wp\/v2\/types\/post"}],"author":[{"embeddable":true,"href":"https:\/\/www.obispadorqta.org.ar\/v3\/wp-json\/wp\/v2\/users\/2"}],"replies":[{"embeddable":true,"href":"https:\/\/www.obispadorqta.org.ar\/v3\/wp-json\/wp\/v2\/comments?post=1596"}],"version-history":[{"count":2,"href":"https:\/\/www.obispadorqta.org.ar\/v3\/wp-json\/wp\/v2\/posts\/1596\/revisions"}],"predecessor-version":[{"id":1598,"href":"https:\/\/www.obispadorqta.org.ar\/v3\/wp-json\/wp\/v2\/posts\/1596\/revisions\/1598"}],"wp:featuredmedia":[{"embeddable":true,"href":"https:\/\/www.obispadorqta.org.ar\/v3\/wp-json\/wp\/v2\/media\/64"}],"wp:attachment":[{"href":"https:\/\/www.obispadorqta.org.ar\/v3\/wp-json\/wp\/v2\/media?parent=1596"}],"wp:term":[{"taxonomy":"category","embeddable":true,"href":"https:\/\/www.obispadorqta.org.ar\/v3\/wp-json\/wp\/v2\/categories?post=1596"},{"taxonomy":"post_tag","embeddable":true,"href":"https:\/\/www.obispadorqta.org.ar\/v3\/wp-json\/wp\/v2\/tags?post=1596"}],"curies":[{"name":"wp","href":"https:\/\/api.w.org\/{rel}","templated":true}]}}