{"id":1599,"date":"2017-05-09T14:31:23","date_gmt":"2017-05-09T14:31:23","guid":{"rendered":"http:\/\/www.obispadorqta.org.ar\/v3\/?p=1599"},"modified":"2017-05-09T14:32:59","modified_gmt":"2017-05-09T14:32:59","slug":"centenario-apariciones-de-fatima","status":"publish","type":"post","link":"https:\/\/www.obispadorqta.org.ar\/v3\/centenario-apariciones-de-fatima\/","title":{"rendered":"CENTENARIO APARICIONES DE F\u00c1TIMA"},"content":{"rendered":"<p style=\"text-align: justify;\">Para conmemorar el centenario de las apariciones de F\u00e1tima a tres humildes pastorcitos, se realizar\u00e1n varias celebraciones. Sobresalen la Misa presidida por el Obispo en la capilla de Yaguaret\u00e9, Parroquia Ntra. Sra. de la Asunci\u00f3n de Las Toscas, el s\u00e1bado 13, a las 10 hs. y la procesi\u00f3n y Santa Misa en la capilla de La Lola, Parroquia San Jos\u00e9, a las 18:30 hs., tambi\u00e9n presidida por el Obispo Diocesano, Mons. Mac\u00edn.<\/p>\n<p style=\"text-align: justify;\">En estas celebraciones, y de acuerdo a las consabidas condiciones, se podr\u00e1 obtener la indulgencia plenaria, para uno o para alg\u00fan difunto.<\/p>\n","protected":false},"excerpt":{"rendered":"<div class=\"mh-excerpt\"><p>Para conmemorar el centenario de las apariciones de F\u00e1tima a tres humildes pastorcitos, se realizar\u00e1n varias celebraciones. Sobresalen la Misa presidida por el Obispo en <a class=\"mh-excerpt-more\" href=\"https:\/\/www.obispadorqta.org.ar\/v3\/centenario-apariciones-de-fatima\/\" title=\"CENTENARIO APARICIONES DE F\u00c1TIMA\">[&#8230;]<\/a><\/p>\n<\/div>","protected":false},"author":2,"featured_media":1600,"comment_status":"closed","ping_status":"open","sticky":false,"template":"","format":"standard","meta":{"footnotes":""},"categories":[28],"tags":[],"class_list":["post-1599","post","type-post","status-publish","format-standard","has-post-thumbnail","hentry","category-latest-news"],"_links":{"self":[{"href":"https:\/\/www.obispadorqta.org.ar\/v3\/wp-json\/wp\/v2\/posts\/1599","targetHints":{"allow":["GET"]}}],"collection":[{"href":"https:\/\/www.obispadorqta.org.ar\/v3\/wp-json\/wp\/v2\/posts"}],"about":[{"href":"https:\/\/www.obispadorqta.org.ar\/v3\/wp-json\/wp\/v2\/types\/post"}],"author":[{"embeddable":true,"href":"https:\/\/www.obispadorqta.org.ar\/v3\/wp-json\/wp\/v2\/users\/2"}],"replies":[{"embeddable":true,"href":"https:\/\/www.obispadorqta.org.ar\/v3\/wp-json\/wp\/v2\/comments?post=1599"}],"version-history":[{"count":1,"href":"https:\/\/www.obispadorqta.org.ar\/v3\/wp-json\/wp\/v2\/posts\/1599\/revisions"}],"predecessor-version":[{"id":1601,"href":"https:\/\/www.obispadorqta.org.ar\/v3\/wp-json\/wp\/v2\/posts\/1599\/revisions\/1601"}],"wp:featuredmedia":[{"embeddable":true,"href":"https:\/\/www.obispadorqta.org.ar\/v3\/wp-json\/wp\/v2\/media\/1600"}],"wp:attachment":[{"href":"https:\/\/www.obispadorqta.org.ar\/v3\/wp-json\/wp\/v2\/media?parent=1599"}],"wp:term":[{"taxonomy":"category","embeddable":true,"href":"https:\/\/www.obispadorqta.org.ar\/v3\/wp-json\/wp\/v2\/categories?post=1599"},{"taxonomy":"post_tag","embeddable":true,"href":"https:\/\/www.obispadorqta.org.ar\/v3\/wp-json\/wp\/v2\/tags?post=1599"}],"curies":[{"name":"wp","href":"https:\/\/api.w.org\/{rel}","templated":true}]}}