{"id":1610,"date":"2017-05-16T14:34:55","date_gmt":"2017-05-16T14:34:55","guid":{"rendered":"http:\/\/www.obispadorqta.org.ar\/v3\/?p=1610"},"modified":"2017-05-17T15:39:12","modified_gmt":"2017-05-17T15:39:12","slug":"4o-campamento-diocesano-de-catequesis-especial","status":"publish","type":"post","link":"https:\/\/www.obispadorqta.org.ar\/v3\/4o-campamento-diocesano-de-catequesis-especial\/","title":{"rendered":"4\u00ba Campamento Diocesano de Catequesis Especial"},"content":{"rendered":"<p style=\"text-align: justify;\">Bajo el lema \u00abMam\u00e1 Mar\u00eda, ens\u00e9\u00f1anos a construir la paz\u00bb se realizar\u00e1 el 4\u00ba campamento diocesano de catequesis especial, el cual tendr\u00e1 lugar los d\u00edas 20 y 21 de mayo en la casa de retiros \u00abVilla Adela\u00bb (Ruta 32, zona rural de Villa Ocampo).<\/p>\n<p style=\"text-align: justify;\">En esta encuentro, estaremos\u00a0<em>\u00ab&#8230;cultivando una mirada agradecida\u00bb<\/em> (Carta Pastoral Mons. \u00c1ngel Jos\u00e9 Mac\u00edn \u00abCosas nuevas y cosas viejas\u00bb) por estos 60 a\u00f1os de la creaci\u00f3n de la Di\u00f3cesis, los 39 a\u00f1os de la catequesis especial y por todos los Dones de Dios a nuestra querida Di\u00f3cesis de Reconquista.<\/p>\n<p style=\"text-align: justify;\">El d\u00eda domingo 21 de mayo a las 11 hora se celebrar\u00e1 la Santa Misa Presidida por nuestro Obispo Diocesano, Mons. \u00c1ngel Jos\u00e9 Mac\u00edn.<\/p>\n<p style=\"text-align: justify;\">Invitamos a todos a participar de este acontecimiento que nos llena de gozo en el Se\u00f1or.<\/p>\n","protected":false},"excerpt":{"rendered":"<div class=\"mh-excerpt\"><p>Bajo el lema \u00abMam\u00e1 Mar\u00eda, ens\u00e9\u00f1anos a construir la paz\u00bb se realizar\u00e1 el 4\u00ba campamento diocesano de catequesis especial, el cual tendr\u00e1 lugar los d\u00edas <a class=\"mh-excerpt-more\" href=\"https:\/\/www.obispadorqta.org.ar\/v3\/4o-campamento-diocesano-de-catequesis-especial\/\" title=\"4\u00ba Campamento Diocesano de Catequesis Especial\">[&#8230;]<\/a><\/p>\n<\/div>","protected":false},"author":2,"featured_media":1611,"comment_status":"closed","ping_status":"open","sticky":false,"template":"","format":"standard","meta":{"footnotes":""},"categories":[28],"tags":[],"class_list":["post-1610","post","type-post","status-publish","format-standard","has-post-thumbnail","hentry","category-latest-news"],"_links":{"self":[{"href":"https:\/\/www.obispadorqta.org.ar\/v3\/wp-json\/wp\/v2\/posts\/1610","targetHints":{"allow":["GET"]}}],"collection":[{"href":"https:\/\/www.obispadorqta.org.ar\/v3\/wp-json\/wp\/v2\/posts"}],"about":[{"href":"https:\/\/www.obispadorqta.org.ar\/v3\/wp-json\/wp\/v2\/types\/post"}],"author":[{"embeddable":true,"href":"https:\/\/www.obispadorqta.org.ar\/v3\/wp-json\/wp\/v2\/users\/2"}],"replies":[{"embeddable":true,"href":"https:\/\/www.obispadorqta.org.ar\/v3\/wp-json\/wp\/v2\/comments?post=1610"}],"version-history":[{"count":1,"href":"https:\/\/www.obispadorqta.org.ar\/v3\/wp-json\/wp\/v2\/posts\/1610\/revisions"}],"predecessor-version":[{"id":1612,"href":"https:\/\/www.obispadorqta.org.ar\/v3\/wp-json\/wp\/v2\/posts\/1610\/revisions\/1612"}],"wp:featuredmedia":[{"embeddable":true,"href":"https:\/\/www.obispadorqta.org.ar\/v3\/wp-json\/wp\/v2\/media\/1611"}],"wp:attachment":[{"href":"https:\/\/www.obispadorqta.org.ar\/v3\/wp-json\/wp\/v2\/media?parent=1610"}],"wp:term":[{"taxonomy":"category","embeddable":true,"href":"https:\/\/www.obispadorqta.org.ar\/v3\/wp-json\/wp\/v2\/categories?post=1610"},{"taxonomy":"post_tag","embeddable":true,"href":"https:\/\/www.obispadorqta.org.ar\/v3\/wp-json\/wp\/v2\/tags?post=1610"}],"curies":[{"name":"wp","href":"https:\/\/api.w.org\/{rel}","templated":true}]}}