{"id":1616,"date":"2017-05-17T15:36:01","date_gmt":"2017-05-17T15:36:01","guid":{"rendered":"http:\/\/www.obispadorqta.org.ar\/v3\/?p=1616"},"modified":"2017-05-17T15:40:35","modified_gmt":"2017-05-17T15:40:35","slug":"fiesta-patronal-de-santa-rita","status":"publish","type":"post","link":"https:\/\/www.obispadorqta.org.ar\/v3\/fiesta-patronal-de-santa-rita\/","title":{"rendered":"Fiesta Patronal de Santa Rita"},"content":{"rendered":"<p style=\"text-align: justify;\">Invitamos a todos a participar de las distintas actividades que se llevar\u00e1n a cabo este pr\u00f3ximo fin de semana para celebrar la fiesta patronal en honor a Santa Rita en el barrio Nuevo de la ciudad de Reconquista.<\/p>\n<p style=\"text-align: justify;\">Jueves18 &#8211; 18:30 hs. Encuentro con los ni\u00f1os<\/p>\n<p style=\"text-align: justify;\">Viernes 19 &#8211; 18:30 hs. Confesiones\u00a019:30 hs. Misa<\/p>\n<p style=\"text-align: justify;\">Domingo 21 &#8211; 15 hs. Acompa\u00f1amos la im\u00e1gen de Santa Rita desde la parroquia \u00abMar\u00eda Madre de Dios\u00bb hasta el Santuario, all\u00ed se celebrar\u00e1 la Santa Misa presidida por nuestro Obispo Diocesano Mons. \u00c1ngel Jos\u00e9 Mac\u00edn<\/p>\n<p style=\"text-align: justify;\">Lunes 22 &#8211; 06:00 hs. Misa<\/p>\n<p>&nbsp;<\/p>\n","protected":false},"excerpt":{"rendered":"<div class=\"mh-excerpt\"><p>Invitamos a todos a participar de las distintas actividades que se llevar\u00e1n a cabo este pr\u00f3ximo fin de semana para celebrar la fiesta patronal en <a class=\"mh-excerpt-more\" href=\"https:\/\/www.obispadorqta.org.ar\/v3\/fiesta-patronal-de-santa-rita\/\" title=\"Fiesta Patronal de Santa Rita\">[&#8230;]<\/a><\/p>\n<\/div>","protected":false},"author":2,"featured_media":1621,"comment_status":"closed","ping_status":"open","sticky":false,"template":"","format":"standard","meta":{"footnotes":""},"categories":[28],"tags":[],"class_list":["post-1616","post","type-post","status-publish","format-standard","has-post-thumbnail","hentry","category-latest-news"],"_links":{"self":[{"href":"https:\/\/www.obispadorqta.org.ar\/v3\/wp-json\/wp\/v2\/posts\/1616","targetHints":{"allow":["GET"]}}],"collection":[{"href":"https:\/\/www.obispadorqta.org.ar\/v3\/wp-json\/wp\/v2\/posts"}],"about":[{"href":"https:\/\/www.obispadorqta.org.ar\/v3\/wp-json\/wp\/v2\/types\/post"}],"author":[{"embeddable":true,"href":"https:\/\/www.obispadorqta.org.ar\/v3\/wp-json\/wp\/v2\/users\/2"}],"replies":[{"embeddable":true,"href":"https:\/\/www.obispadorqta.org.ar\/v3\/wp-json\/wp\/v2\/comments?post=1616"}],"version-history":[{"count":2,"href":"https:\/\/www.obispadorqta.org.ar\/v3\/wp-json\/wp\/v2\/posts\/1616\/revisions"}],"predecessor-version":[{"id":1622,"href":"https:\/\/www.obispadorqta.org.ar\/v3\/wp-json\/wp\/v2\/posts\/1616\/revisions\/1622"}],"wp:featuredmedia":[{"embeddable":true,"href":"https:\/\/www.obispadorqta.org.ar\/v3\/wp-json\/wp\/v2\/media\/1621"}],"wp:attachment":[{"href":"https:\/\/www.obispadorqta.org.ar\/v3\/wp-json\/wp\/v2\/media?parent=1616"}],"wp:term":[{"taxonomy":"category","embeddable":true,"href":"https:\/\/www.obispadorqta.org.ar\/v3\/wp-json\/wp\/v2\/categories?post=1616"},{"taxonomy":"post_tag","embeddable":true,"href":"https:\/\/www.obispadorqta.org.ar\/v3\/wp-json\/wp\/v2\/tags?post=1616"}],"curies":[{"name":"wp","href":"https:\/\/api.w.org\/{rel}","templated":true}]}}