{"id":1623,"date":"2017-05-18T13:22:31","date_gmt":"2017-05-18T13:22:31","guid":{"rendered":"http:\/\/www.obispadorqta.org.ar\/v3\/?p=1623"},"modified":"2017-05-19T20:14:46","modified_gmt":"2017-05-19T20:14:46","slug":"nuevo-administrador-parroquial","status":"publish","type":"post","link":"https:\/\/www.obispadorqta.org.ar\/v3\/nuevo-administrador-parroquial\/","title":{"rendered":"Nuevo Administrador Parroquial"},"content":{"rendered":"<p style=\"text-align: justify;\">El d\u00eda 20 de mayo a las 18.00 hs, en el Templo Parroquial \u201cSagrado Coraz\u00f3n de Jes\u00fas\u201d de Villa Ana, se llevar\u00e1 a cabo la toma de posesi\u00f3n del nuevo Administrador Parroquial Pbro. Ariel Fabi\u00e1n Brollo.<\/p>\n<div class=\"WordSection1\">\n<p style=\"text-align: justify;\">La Celebraci\u00f3n Eucar\u00edstica ser\u00e1 presidida por el Obispo Diocesano, Mons. Angel Jos\u00e9 Mac\u00edn en donde el nuevo Administrador Parroquial realizar\u00e1 su profesi\u00f3n de Fe y Juramento de Fidelidad al oficio encomendado.<\/p>\n<p style=\"text-align: justify;\">Invitamos a todos a participar de este acontecimiento y acompa\u00f1ar con nuestra oraci\u00f3n al padre Ariel Brollo en esta nueva tarea que se le ha encomendado en nuestra Di\u00f3cesis de Reconquista.<\/p>\n<\/div>\n","protected":false},"excerpt":{"rendered":"<div class=\"mh-excerpt\"><p>El d\u00eda 20 de mayo a las 18.00 hs, en el Templo Parroquial \u201cSagrado Coraz\u00f3n de Jes\u00fas\u201d de Villa Ana, se llevar\u00e1 a cabo la <a class=\"mh-excerpt-more\" href=\"https:\/\/www.obispadorqta.org.ar\/v3\/nuevo-administrador-parroquial\/\" title=\"Nuevo Administrador Parroquial\">[&#8230;]<\/a><\/p>\n<\/div>","protected":false},"author":2,"featured_media":1628,"comment_status":"closed","ping_status":"open","sticky":false,"template":"","format":"standard","meta":{"footnotes":""},"categories":[28],"tags":[],"class_list":["post-1623","post","type-post","status-publish","format-standard","has-post-thumbnail","hentry","category-latest-news"],"_links":{"self":[{"href":"https:\/\/www.obispadorqta.org.ar\/v3\/wp-json\/wp\/v2\/posts\/1623","targetHints":{"allow":["GET"]}}],"collection":[{"href":"https:\/\/www.obispadorqta.org.ar\/v3\/wp-json\/wp\/v2\/posts"}],"about":[{"href":"https:\/\/www.obispadorqta.org.ar\/v3\/wp-json\/wp\/v2\/types\/post"}],"author":[{"embeddable":true,"href":"https:\/\/www.obispadorqta.org.ar\/v3\/wp-json\/wp\/v2\/users\/2"}],"replies":[{"embeddable":true,"href":"https:\/\/www.obispadorqta.org.ar\/v3\/wp-json\/wp\/v2\/comments?post=1623"}],"version-history":[{"count":4,"href":"https:\/\/www.obispadorqta.org.ar\/v3\/wp-json\/wp\/v2\/posts\/1623\/revisions"}],"predecessor-version":[{"id":1637,"href":"https:\/\/www.obispadorqta.org.ar\/v3\/wp-json\/wp\/v2\/posts\/1623\/revisions\/1637"}],"wp:featuredmedia":[{"embeddable":true,"href":"https:\/\/www.obispadorqta.org.ar\/v3\/wp-json\/wp\/v2\/media\/1628"}],"wp:attachment":[{"href":"https:\/\/www.obispadorqta.org.ar\/v3\/wp-json\/wp\/v2\/media?parent=1623"}],"wp:term":[{"taxonomy":"category","embeddable":true,"href":"https:\/\/www.obispadorqta.org.ar\/v3\/wp-json\/wp\/v2\/categories?post=1623"},{"taxonomy":"post_tag","embeddable":true,"href":"https:\/\/www.obispadorqta.org.ar\/v3\/wp-json\/wp\/v2\/tags?post=1623"}],"curies":[{"name":"wp","href":"https:\/\/api.w.org\/{rel}","templated":true}]}}