{"id":1629,"date":"2017-05-19T13:55:00","date_gmt":"2017-05-19T13:55:00","guid":{"rendered":"http:\/\/www.obispadorqta.org.ar\/v3\/?p=1629"},"modified":"2017-05-19T14:26:52","modified_gmt":"2017-05-19T14:26:52","slug":"entronizacion-de-la-imagen-del-santo-cura-brochero-y-adscripcion-del-diacono-adrian-eduardo-fun","status":"publish","type":"post","link":"https:\/\/www.obispadorqta.org.ar\/v3\/entronizacion-de-la-imagen-del-santo-cura-brochero-y-adscripcion-del-diacono-adrian-eduardo-fun\/","title":{"rendered":"Entronizaci\u00f3n de la imagen del Santo Cura Brochero y adscripci\u00f3n del Di\u00e1cono Adri\u00e1n Eduardo Fun"},"content":{"rendered":"<p style=\"text-align: justify;\">El d\u00eda domingo 21 de mayo en la parroquia \u00abSan Roque\u00bb de Reconquista se realizar\u00e1 la entronizaci\u00f3n de una imagen del Santo Cura Brochero, acontecimiento que dar\u00e1 comienzo con una procesi\u00f3n desde la rotonda de bulevar Lovato y 9 de julio a las 19:30, hasta la sede parroquial donde se celebrar\u00e1 la Santa Misa que ser\u00e1 presidida por nuestro Obispo Diocesano, Mons. \u00c1ngel Jos\u00e9 Mac\u00edn.<\/p>\n<p style=\"text-align: justify;\"><img loading=\"lazy\" decoding=\"async\" class=\"alignleft wp-image-1327\" src=\"https:\/\/www.obispadorqta.org.ar\/v3\/wp-content\/uploads\/2017\/03\/17553623_1282727511823737_8965477223914423615_n-e1495201852907.jpg\" alt=\"\" width=\"131\" height=\"168\" \/>Durante esta celebraci\u00f3n tambi\u00e9n se realizar\u00e1 la adscripci\u00f3n a la parroquia \u00abSan Roque\u00bb del Di\u00e1cono Adri\u00e1n Eduardo Fun, donde el mismo realizar\u00e1 su profesi\u00f3n de fe y juramento de fidelidad al oficio encomendado.<\/p>\n<p style=\"text-align: justify;\">Invitamos a todos a participar de este acontecimiento y encomendamos a todo nuestro Clero al Santo Cura Brochero, Santo Patrono del Clero Argentino.<\/p>\n","protected":false},"excerpt":{"rendered":"<div class=\"mh-excerpt\"><p>El d\u00eda domingo 21 de mayo en la parroquia \u00abSan Roque\u00bb de Reconquista se realizar\u00e1 la entronizaci\u00f3n de una imagen del Santo Cura Brochero, acontecimiento <a class=\"mh-excerpt-more\" href=\"https:\/\/www.obispadorqta.org.ar\/v3\/entronizacion-de-la-imagen-del-santo-cura-brochero-y-adscripcion-del-diacono-adrian-eduardo-fun\/\" title=\"Entronizaci\u00f3n de la imagen del Santo Cura Brochero y adscripci\u00f3n del Di\u00e1cono Adri\u00e1n Eduardo Fun\">[&#8230;]<\/a><\/p>\n<\/div>","protected":false},"author":2,"featured_media":1633,"comment_status":"closed","ping_status":"open","sticky":false,"template":"","format":"standard","meta":{"footnotes":""},"categories":[28],"tags":[],"class_list":["post-1629","post","type-post","status-publish","format-standard","has-post-thumbnail","hentry","category-latest-news"],"_links":{"self":[{"href":"https:\/\/www.obispadorqta.org.ar\/v3\/wp-json\/wp\/v2\/posts\/1629","targetHints":{"allow":["GET"]}}],"collection":[{"href":"https:\/\/www.obispadorqta.org.ar\/v3\/wp-json\/wp\/v2\/posts"}],"about":[{"href":"https:\/\/www.obispadorqta.org.ar\/v3\/wp-json\/wp\/v2\/types\/post"}],"author":[{"embeddable":true,"href":"https:\/\/www.obispadorqta.org.ar\/v3\/wp-json\/wp\/v2\/users\/2"}],"replies":[{"embeddable":true,"href":"https:\/\/www.obispadorqta.org.ar\/v3\/wp-json\/wp\/v2\/comments?post=1629"}],"version-history":[{"count":1,"href":"https:\/\/www.obispadorqta.org.ar\/v3\/wp-json\/wp\/v2\/posts\/1629\/revisions"}],"predecessor-version":[{"id":1631,"href":"https:\/\/www.obispadorqta.org.ar\/v3\/wp-json\/wp\/v2\/posts\/1629\/revisions\/1631"}],"wp:featuredmedia":[{"embeddable":true,"href":"https:\/\/www.obispadorqta.org.ar\/v3\/wp-json\/wp\/v2\/media\/1633"}],"wp:attachment":[{"href":"https:\/\/www.obispadorqta.org.ar\/v3\/wp-json\/wp\/v2\/media?parent=1629"}],"wp:term":[{"taxonomy":"category","embeddable":true,"href":"https:\/\/www.obispadorqta.org.ar\/v3\/wp-json\/wp\/v2\/categories?post=1629"},{"taxonomy":"post_tag","embeddable":true,"href":"https:\/\/www.obispadorqta.org.ar\/v3\/wp-json\/wp\/v2\/tags?post=1629"}],"curies":[{"name":"wp","href":"https:\/\/api.w.org\/{rel}","templated":true}]}}