{"id":1634,"date":"2017-05-19T14:37:04","date_gmt":"2017-05-19T14:37:04","guid":{"rendered":"http:\/\/www.obispadorqta.org.ar\/v3\/?p=1634"},"modified":"2017-05-19T14:40:31","modified_gmt":"2017-05-19T14:40:31","slug":"protocolo-para-la-consulta-de-archivos","status":"publish","type":"post","link":"https:\/\/www.obispadorqta.org.ar\/v3\/protocolo-para-la-consulta-de-archivos\/","title":{"rendered":"Protocolo para la consulta de archivos"},"content":{"rendered":"<p style=\"text-align: justify;\">La Conferencia Episcopal Argentina, tal como lo anunciara en la \u00faltima Asamblea Plenaria, ha dado a conocer el \u201cProtocolo para la consulta del material archiv\u00edstico relativo a los acontecimientos argentinos (1976-1983) conservados en la Conferencia Episcopal Argentina, la Nunciatura Apost\u00f3lica y en la Secretar\u00eda de Estado de la Santa Sede\u201d. Se adjunta adem\u00e1s el modelo de carta para la solicitud de la respectiva informaci\u00f3n.<\/p>\n<p style=\"text-align: justify;\">\nRecordamos que el 25 de octubre pasado, a trav\u00e9s de un comunicado conjunto de la Conferencia Episcopal y la Santa Sede, se anunci\u00f3 que hab\u00edan finalizado \u201clos trabajos de catalogaci\u00f3n y digitalizaci\u00f3n del material de archivo\u201d. En el mismo se especificaba que en una reuni\u00f3n realizada en el Vaticano el 15 de octubre entre las autoridades de la Comisi\u00f3n Ejecutiva de la CEA y la Secretar\u00eda de Estado se constat\u00f3 \u201cque este proceso de organizaci\u00f3n y digitalizaci\u00f3n, llevado a cabo en conformidad con las decisiones e indicaciones del Santo Padre y que supone la continuaci\u00f3n de un trabajo ya iniciado a\u00f1os atr\u00e1s por la Conferencia Episcopal Argentina, ha terminado\u201d. La tarea se desarroll\u00f3 \u201cteniendo como premisa el servicio a la verdad, a la justicia y a la paz\u201d seg\u00fan se especific\u00f3.<\/p>\n<p style=\"text-align: justify;\">\nCon este protocolo se inicia la posibilidad de consultas y, de acuerdo a lo anunciado oportunamente, podr\u00e1n solicitar informaci\u00f3n: las v\u00edctimas, los familiares de los desaparecidos y detenidos y, en caso de eclesi\u00e1sticos y religiosos, sus respectivos Obispos y Superiores mayores. La consulta se realizar\u00e1 sobre el material donde aparece mencionada la persona sobre la cual se busca informaci\u00f3n.<\/p>\n<p style=\"text-align: justify;\">\nLas solicitudes de informaci\u00f3n son recibidas en la sede de la CEA, Suipacha 1032 (C.A.B.A.) de lunes a viernes de 9.00 a 17.00 hs.<\/p>\n<p style=\"text-align: justify;\">\nLos interesados pueden descargar el Protocolo correspondiente y el modelo de carta de solicitud, a trav\u00e9s de los siguientes enlaces:<\/p>\n<p style=\"text-align: center;\"><a href=\"http:\/\/71705.track.dattanet.com\/web_public_shared\/attached\/71705\/protocolo_consulta_archivos-1.pdf?mkt_hm=2&amp;utm_source=email_marketing&amp;utm_admin=71705&amp;utm_medium=email&amp;utm_campaign=Protocolo_para_la_consulta_de_archivos\"><strong>PROTOCOLO<\/strong><\/a><\/p>\n<p style=\"text-align: center;\"><a href=\"http:\/\/71705.track.dattanet.com\/web_public_shared\/attached\/71705\/protocolo_consulta_archivos-1.pdf?mkt_hm=2&amp;utm_source=email_marketing&amp;utm_admin=71705&amp;utm_medium=email&amp;utm_campaign=Protocolo_para_la_consulta_de_archivos\"><strong>SOLICITUD DE CONSULTA<\/strong><\/a><\/p>\n<p style=\"text-align: justify;\">\n","protected":false},"excerpt":{"rendered":"<div class=\"mh-excerpt\"><p>La Conferencia Episcopal Argentina, tal como lo anunciara en la \u00faltima Asamblea Plenaria, ha dado a conocer el \u201cProtocolo para la consulta del material archiv\u00edstico <a class=\"mh-excerpt-more\" href=\"https:\/\/www.obispadorqta.org.ar\/v3\/protocolo-para-la-consulta-de-archivos\/\" title=\"Protocolo para la consulta de archivos\">[&#8230;]<\/a><\/p>\n<\/div>","protected":false},"author":2,"featured_media":1635,"comment_status":"closed","ping_status":"open","sticky":false,"template":"","format":"standard","meta":{"footnotes":""},"categories":[28],"tags":[],"class_list":["post-1634","post","type-post","status-publish","format-standard","has-post-thumbnail","hentry","category-latest-news"],"_links":{"self":[{"href":"https:\/\/www.obispadorqta.org.ar\/v3\/wp-json\/wp\/v2\/posts\/1634","targetHints":{"allow":["GET"]}}],"collection":[{"href":"https:\/\/www.obispadorqta.org.ar\/v3\/wp-json\/wp\/v2\/posts"}],"about":[{"href":"https:\/\/www.obispadorqta.org.ar\/v3\/wp-json\/wp\/v2\/types\/post"}],"author":[{"embeddable":true,"href":"https:\/\/www.obispadorqta.org.ar\/v3\/wp-json\/wp\/v2\/users\/2"}],"replies":[{"embeddable":true,"href":"https:\/\/www.obispadorqta.org.ar\/v3\/wp-json\/wp\/v2\/comments?post=1634"}],"version-history":[{"count":1,"href":"https:\/\/www.obispadorqta.org.ar\/v3\/wp-json\/wp\/v2\/posts\/1634\/revisions"}],"predecessor-version":[{"id":1636,"href":"https:\/\/www.obispadorqta.org.ar\/v3\/wp-json\/wp\/v2\/posts\/1634\/revisions\/1636"}],"wp:featuredmedia":[{"embeddable":true,"href":"https:\/\/www.obispadorqta.org.ar\/v3\/wp-json\/wp\/v2\/media\/1635"}],"wp:attachment":[{"href":"https:\/\/www.obispadorqta.org.ar\/v3\/wp-json\/wp\/v2\/media?parent=1634"}],"wp:term":[{"taxonomy":"category","embeddable":true,"href":"https:\/\/www.obispadorqta.org.ar\/v3\/wp-json\/wp\/v2\/categories?post=1634"},{"taxonomy":"post_tag","embeddable":true,"href":"https:\/\/www.obispadorqta.org.ar\/v3\/wp-json\/wp\/v2\/tags?post=1634"}],"curies":[{"name":"wp","href":"https:\/\/api.w.org\/{rel}","templated":true}]}}