{"id":1638,"date":"2017-05-23T13:40:26","date_gmt":"2017-05-23T13:40:26","guid":{"rendered":"http:\/\/www.obispadorqta.org.ar\/v3\/?p=1638"},"modified":"2017-05-23T13:41:33","modified_gmt":"2017-05-23T13:41:33","slug":"1638-2","status":"publish","type":"post","link":"https:\/\/www.obispadorqta.org.ar\/v3\/1638-2\/","title":{"rendered":"ASAMBLEA DIOCESANA DE PASTORAL"},"content":{"rendered":"<p style=\"text-align: justify;\">Con alegr\u00eda los invitamos a participar de la Asamblea Diocesana de Pastoral, celebrando los 60 a\u00f1os de su creaci\u00f3n. Se llevar\u00e1 a cabo el domingo 28 de mayo de 2017, solemnidad de la \u201cAscensi\u00f3n del Se\u00f1or\u201d en el Colegio Zuvir\u00eda, jurisdicci\u00f3n de la parroquia Nuestra Se\u00f1ora de la Merced, Avellaneda, de 8.30 a 16,30 hs.<\/p>\n<p style=\"text-align: justify;\">El Obispo en su reciente carta pastoral nos recuerda que \u201clos sesenta a\u00f1os no son para grandes festejos, sin embargo no podemos dejar pasar este aniversario para repasar algunas cosas, fortalecer otras y so\u00f1ar con cosas nuevas\u201d. Como Padre y Pastor nos invita a hacer un ejercicio durante todo el a\u00f1o, con distintas actividades y eventos que nos ayuden a acompa\u00f1ar el proceso de \u201cmirar el pasado con gratitud, discernir el presente con responsabilidad y comprometernos generosamente para vivir un ma\u00f1ana m\u00e1s pleno\u201d.<\/p>\n<p style=\"text-align: justify;\">Con este esp\u00edritu y con el coraz\u00f3n renovado la asamblea ser\u00e1 celebrativa y abierta a todo el pueblo de Dios, animando a todas las pastorales ordinarias de cada parroquia, miembros de los consejos parroquiales-capillas-con \u00e1reas sus \u00e1reas pastorales y carismas (liturgia, catequesis, c\u00e1ritas) y a los organismos, equipos y movimientos pastorales diocesanos.<\/p>\n<p style=\"text-align: justify;\">Que este tiempo pascual traiga consigo la esperanza y le pedimos a Jes\u00fas Resucitado renueve nuestra mirada, nuestros corazones, y nuestra vida com\u00fan para que como Iglesia diocesana anunciemos con gozo el evangelio.<\/p>\n<p style=\"text-align: right;\">Consejo Diocesano de Pastoral.<\/p>\n","protected":false},"excerpt":{"rendered":"<div class=\"mh-excerpt\"><p>Con alegr\u00eda los invitamos a participar de la Asamblea Diocesana de Pastoral, celebrando los 60 a\u00f1os de su creaci\u00f3n. Se llevar\u00e1 a cabo el domingo <a class=\"mh-excerpt-more\" href=\"https:\/\/www.obispadorqta.org.ar\/v3\/1638-2\/\" title=\"ASAMBLEA DIOCESANA DE PASTORAL\">[&#8230;]<\/a><\/p>\n<\/div>","protected":false},"author":2,"featured_media":1640,"comment_status":"open","ping_status":"open","sticky":false,"template":"","format":"standard","meta":{"footnotes":""},"categories":[28],"tags":[],"class_list":["post-1638","post","type-post","status-publish","format-standard","has-post-thumbnail","hentry","category-latest-news"],"_links":{"self":[{"href":"https:\/\/www.obispadorqta.org.ar\/v3\/wp-json\/wp\/v2\/posts\/1638","targetHints":{"allow":["GET"]}}],"collection":[{"href":"https:\/\/www.obispadorqta.org.ar\/v3\/wp-json\/wp\/v2\/posts"}],"about":[{"href":"https:\/\/www.obispadorqta.org.ar\/v3\/wp-json\/wp\/v2\/types\/post"}],"author":[{"embeddable":true,"href":"https:\/\/www.obispadorqta.org.ar\/v3\/wp-json\/wp\/v2\/users\/2"}],"replies":[{"embeddable":true,"href":"https:\/\/www.obispadorqta.org.ar\/v3\/wp-json\/wp\/v2\/comments?post=1638"}],"version-history":[{"count":2,"href":"https:\/\/www.obispadorqta.org.ar\/v3\/wp-json\/wp\/v2\/posts\/1638\/revisions"}],"predecessor-version":[{"id":1642,"href":"https:\/\/www.obispadorqta.org.ar\/v3\/wp-json\/wp\/v2\/posts\/1638\/revisions\/1642"}],"wp:featuredmedia":[{"embeddable":true,"href":"https:\/\/www.obispadorqta.org.ar\/v3\/wp-json\/wp\/v2\/media\/1640"}],"wp:attachment":[{"href":"https:\/\/www.obispadorqta.org.ar\/v3\/wp-json\/wp\/v2\/media?parent=1638"}],"wp:term":[{"taxonomy":"category","embeddable":true,"href":"https:\/\/www.obispadorqta.org.ar\/v3\/wp-json\/wp\/v2\/categories?post=1638"},{"taxonomy":"post_tag","embeddable":true,"href":"https:\/\/www.obispadorqta.org.ar\/v3\/wp-json\/wp\/v2\/tags?post=1638"}],"curies":[{"name":"wp","href":"https:\/\/api.w.org\/{rel}","templated":true}]}}