{"id":1657,"date":"2017-06-01T14:58:15","date_gmt":"2017-06-01T14:58:15","guid":{"rendered":"http:\/\/www.obispadorqta.org.ar\/v3\/?p=1657"},"modified":"2017-06-12T14:42:05","modified_gmt":"2017-06-12T14:42:05","slug":"jubileo-de-oro-de-la-renovacion-carismatica-catolica","status":"publish","type":"post","link":"https:\/\/www.obispadorqta.org.ar\/v3\/jubileo-de-oro-de-la-renovacion-carismatica-catolica\/","title":{"rendered":"Jubileo de Oro de la Renovaci\u00f3n Carism\u00e1tica Cat\u00f3lica"},"content":{"rendered":"<p>La Renovaci\u00f3n Carism\u00e1tica Cat\u00f3lica de la Di\u00f3cesis de Reconquista celebrar\u00e1 el Jubileo de Oro este domingo 04 de junio con actividades que comenzar\u00e1n con una concentraci\u00f3n a las 09:00 en el Club Platense de la ciudad de Reconquista.<\/p>\n<p>All\u00ed se realizar\u00e1n actividades como: Alabanza, oraci\u00f3n, talleres y compartir\u00e1n el almuerzo.<\/p>\n<p>La Santa Misa se celebrar\u00e1 a las 16:00 presidida por el obispo Mons. \u00c1ngel Jos\u00e9 Mac\u00edn.<\/p>\n","protected":false},"excerpt":{"rendered":"<div class=\"mh-excerpt\"><p>La Renovaci\u00f3n Carism\u00e1tica Cat\u00f3lica de la Di\u00f3cesis de Reconquista celebrar\u00e1 el Jubileo de Oro este domingo 04 de junio con actividades que comenzar\u00e1n con una <a class=\"mh-excerpt-more\" href=\"https:\/\/www.obispadorqta.org.ar\/v3\/jubileo-de-oro-de-la-renovacion-carismatica-catolica\/\" title=\"Jubileo de Oro de la Renovaci\u00f3n Carism\u00e1tica Cat\u00f3lica\">[&#8230;]<\/a><\/p>\n<\/div>","protected":false},"author":3,"featured_media":1663,"comment_status":"closed","ping_status":"open","sticky":false,"template":"","format":"standard","meta":{"footnotes":""},"categories":[28],"tags":[],"class_list":["post-1657","post","type-post","status-publish","format-standard","has-post-thumbnail","hentry","category-latest-news"],"_links":{"self":[{"href":"https:\/\/www.obispadorqta.org.ar\/v3\/wp-json\/wp\/v2\/posts\/1657","targetHints":{"allow":["GET"]}}],"collection":[{"href":"https:\/\/www.obispadorqta.org.ar\/v3\/wp-json\/wp\/v2\/posts"}],"about":[{"href":"https:\/\/www.obispadorqta.org.ar\/v3\/wp-json\/wp\/v2\/types\/post"}],"author":[{"embeddable":true,"href":"https:\/\/www.obispadorqta.org.ar\/v3\/wp-json\/wp\/v2\/users\/3"}],"replies":[{"embeddable":true,"href":"https:\/\/www.obispadorqta.org.ar\/v3\/wp-json\/wp\/v2\/comments?post=1657"}],"version-history":[{"count":3,"href":"https:\/\/www.obispadorqta.org.ar\/v3\/wp-json\/wp\/v2\/posts\/1657\/revisions"}],"predecessor-version":[{"id":1661,"href":"https:\/\/www.obispadorqta.org.ar\/v3\/wp-json\/wp\/v2\/posts\/1657\/revisions\/1661"}],"wp:featuredmedia":[{"embeddable":true,"href":"https:\/\/www.obispadorqta.org.ar\/v3\/wp-json\/wp\/v2\/media\/1663"}],"wp:attachment":[{"href":"https:\/\/www.obispadorqta.org.ar\/v3\/wp-json\/wp\/v2\/media?parent=1657"}],"wp:term":[{"taxonomy":"category","embeddable":true,"href":"https:\/\/www.obispadorqta.org.ar\/v3\/wp-json\/wp\/v2\/categories?post=1657"},{"taxonomy":"post_tag","embeddable":true,"href":"https:\/\/www.obispadorqta.org.ar\/v3\/wp-json\/wp\/v2\/tags?post=1657"}],"curies":[{"name":"wp","href":"https:\/\/api.w.org\/{rel}","templated":true}]}}